{"id":950,"date":"2020-09-29T14:32:22","date_gmt":"2020-09-29T12:32:22","guid":{"rendered":"http:\/\/www.grundschule-brander-feld.de\/?p=950"},"modified":"2025-09-12T08:11:21","modified_gmt":"2025-09-12T06:11:21","slug":"grundschule-brander-feld-nimmt-am-solidaritaetslauf-2020-in-digitaler-form-teil","status":"publish","type":"post","link":"https:\/\/www.grundschule-brander-feld.de\/index.php\/2020\/09\/29\/grundschule-brander-feld-nimmt-am-solidaritaetslauf-2020-in-digitaler-form-teil\/","title":{"rendered":"Grundschule Brander Feld nimmt am Solidarit\u00e4tslauf 2020 in digitaler Form teil"},"content":{"rendered":"\n<p>Der diesj\u00e4hrige Solidarit\u00e4tslauf Aachen 2020 f\u00fcr Menschen ohne Arbeit fand coronabedingt online statt. Pro Foto wurde ein Euro gespendet. Nat\u00fcrlich beteiligten sich auch einige Kinder der Grundschule Brander Feld. Einige Bilder sehen Sie hier, die anderen h\u00e4ngen am Katschhof aus. Weitere Informationen zu der Aktion, die j\u00e4hrlich vom Bistum Aachen organisiert wird, finden Sie hier: https:\/\/solidaritaetslauf-aachen.de\/<br><img loading=\"lazy\" decoding=\"async\" width=\"500\" height=\"500\" class=\"wp-image-951\" style=\"width: 500px;\" src=\"http:\/\/www.grundschule-brander-feld.de\/wp-content\/uploads\/2020\/09\/Solilauf.jpg\" alt=\"\" srcset=\"https:\/\/www.grundschule-brander-feld.de\/wp-content\/uploads\/2020\/09\/Solilauf.jpg 1163w, https:\/\/www.grundschule-brander-feld.de\/wp-content\/uploads\/2020\/09\/Solilauf-300x300.jpg 300w, https:\/\/www.grundschule-brander-feld.de\/wp-content\/uploads\/2020\/09\/Solilauf-1024x1024.jpg 1024w, https:\/\/www.grundschule-brander-feld.de\/wp-content\/uploads\/2020\/09\/Solilauf-150x150.jpg 150w, https:\/\/www.grundschule-brander-feld.de\/wp-content\/uploads\/2020\/09\/Solilauf-768x768.jpg 768w, https:\/\/www.grundschule-brander-feld.de\/wp-content\/uploads\/2020\/09\/Solilauf-100x100.jpg 100w\" sizes=\"auto, (max-width: 500px) 100vw, 500px\" \/><\/p>\n\n\n\n<p><img loading=\"lazy\" decoding=\"async\" src=\"\" width=\"605\" height=\"605\"><\/p>\n","protected":false},"excerpt":{"rendered":"<p>Der diesj\u00e4hrige Solidarit\u00e4tslauf Aachen 2020 f\u00fcr Menschen ohne Arbeit fand coronabedingt online statt. Pro Foto wurde ein Euro gespendet. Nat\u00fcrlich beteiligten sich auch einige Kinder der Grundschule Brander Feld. Einige &hellip; <\/p>\n<p class=\"link-more\"><a href=\"https:\/\/www.grundschule-brander-feld.de\/index.php\/2020\/09\/29\/grundschule-brander-feld-nimmt-am-solidaritaetslauf-2020-in-digitaler-form-teil\/\" class=\"more-link\"><span class=\"screen-reader-text\">\u201eGrundschule Brander Feld nimmt am Solidarit\u00e4tslauf 2020 in digitaler Form teil\u201c<\/span> weiterlesen<\/a><\/p>\n","protected":false},"author":9,"featured_media":0,"comment_status":"closed","ping_status":"closed","sticky":false,"template":"","format":"standard","meta":{"_EventAllDay":false,"_EventTimezone":"","_EventStartDate":"","_EventEndDate":"","_EventStartDateUTC":"","_EventEndDateUTC":"","_EventShowMap":false,"_EventShowMapLink":false,"_EventURL":"","_EventCost":"","_EventCostDescription":"","_EventCurrencySymbol":"","_EventCurrencyCode":"","_EventCurrencyPosition":"","_EventDateTimeSeparator":"","_EventTimeRangeSeparator":"","_EventOrganizerID":[],"_EventVenueID":[],"_OrganizerEmail":"","_OrganizerPhone":"","_OrganizerWebsite":"","_VenueAddress":"","_VenueCity":"","_VenueCountry":"","_VenueProvince":"","_VenueState":"","_VenueZip":"","_VenuePhone":"","_VenueURL":"","_VenueStateProvince":"","_VenueLat":"","_VenueLng":"","_VenueShowMap":false,"_VenueShowMapLink":false,"footnotes":""},"categories":[13,5,1],"tags":[],"class_list":["post-950","post","type-post","status-publish","format-standard","hentry","category-2020-2021","category-aktuelles","category-uncategorized"],"_links":{"self":[{"href":"https:\/\/www.grundschule-brander-feld.de\/index.php\/wp-json\/wp\/v2\/posts\/950","targetHints":{"allow":["GET"]}}],"collection":[{"href":"https:\/\/www.grundschule-brander-feld.de\/index.php\/wp-json\/wp\/v2\/posts"}],"about":[{"href":"https:\/\/www.grundschule-brander-feld.de\/index.php\/wp-json\/wp\/v2\/types\/post"}],"author":[{"embeddable":true,"href":"https:\/\/www.grundschule-brander-feld.de\/index.php\/wp-json\/wp\/v2\/users\/9"}],"replies":[{"embeddable":true,"href":"https:\/\/www.grundschule-brander-feld.de\/index.php\/wp-json\/wp\/v2\/comments?post=950"}],"version-history":[{"count":3,"href":"https:\/\/www.grundschule-brander-feld.de\/index.php\/wp-json\/wp\/v2\/posts\/950\/revisions"}],"predecessor-version":[{"id":955,"href":"https:\/\/www.grundschule-brander-feld.de\/index.php\/wp-json\/wp\/v2\/posts\/950\/revisions\/955"}],"wp:attachment":[{"href":"https:\/\/www.grundschule-brander-feld.de\/index.php\/wp-json\/wp\/v2\/media?parent=950"}],"wp:term":[{"taxonomy":"category","embeddable":true,"href":"https:\/\/www.grundschule-brander-feld.de\/index.php\/wp-json\/wp\/v2\/categories?post=950"},{"taxonomy":"post_tag","embeddable":true,"href":"https:\/\/www.grundschule-brander-feld.de\/index.php\/wp-json\/wp\/v2\/tags?post=950"}],"curies":[{"name":"wp","href":"https:\/\/api.w.org\/{rel}","templated":true}]}}