{"id":775,"date":"2020-05-04T09:25:30","date_gmt":"2020-05-04T07:25:30","guid":{"rendered":"http:\/\/www.grundschule-brander-feld.de\/?p=775"},"modified":"2025-09-12T08:11:21","modified_gmt":"2025-09-12T06:11:21","slug":"informationen-zur-erweiterten-notbetreuung-ab-dem-27-04","status":"publish","type":"post","link":"https:\/\/www.grundschule-brander-feld.de\/index.php\/2020\/05\/04\/informationen-zur-erweiterten-notbetreuung-ab-dem-27-04\/","title":{"rendered":"Informationen zur erweiterten Notbetreuung ab dem 27.04."},"content":{"rendered":"\n<p>Liebe Eltern,<br>wenn Sie Bedarf an der erweiterten Notbetreuung haben, bitte ich Sie, beide Formulare zu lesen und entsprechend auszuf\u00fcllen.  <br>Bis dahin bleiben Sie gesund und viele Gr\u00fc\u00dfe<br>Anke Sch\u00fcrings <br><\/p>\n\n\n\n<div class=\"wp-block-file\"><a href=\"http:\/\/www.grundschule-brander-feld.de\/wp-content\/uploads\/2020\/05\/Notbetreuung_Formular-ab-17-KW.pdf\">Notbetreuung_Formular-ab-17-KW<\/a><a href=\"http:\/\/www.grundschule-brander-feld.de\/wp-content\/uploads\/2020\/05\/Notbetreuung_Formular-ab-17-KW.pdf\" class=\"wp-block-file__button\" download>Herunterladen<\/a><\/div>\n\n\n\n<div class=\"wp-block-file\"><a href=\"http:\/\/www.grundschule-brander-feld.de\/wp-content\/uploads\/2020\/05\/2020-04-17_anlage_2_zur_coronabetreuung-ab_23.04.2020-1.pdf\">2020-04-17_anlage_2_zur_coronabetreuung-ab_23.04.2020-1<\/a><a href=\"http:\/\/www.grundschule-brander-feld.de\/wp-content\/uploads\/2020\/05\/2020-04-17_anlage_2_zur_coronabetreuung-ab_23.04.2020-1.pdf\" class=\"wp-block-file__button\" download>Herunterladen<\/a><\/div>\n","protected":false},"excerpt":{"rendered":"<p>Liebe Eltern,wenn Sie Bedarf an der erweiterten Notbetreuung haben, bitte ich Sie, beide Formulare zu lesen und entsprechend auszuf\u00fcllen. Bis dahin bleiben Sie gesund und viele Gr\u00fc\u00dfeAnke Sch\u00fcrings<\/p>\n","protected":false},"author":9,"featured_media":0,"comment_status":"closed","ping_status":"closed","sticky":false,"template":"","format":"standard","meta":{"_EventAllDay":false,"_EventTimezone":"","_EventStartDate":"","_EventEndDate":"","_EventStartDateUTC":"","_EventEndDateUTC":"","_EventShowMap":false,"_EventShowMapLink":false,"_EventURL":"","_EventCost":"","_EventCostDescription":"","_EventCurrencySymbol":"","_EventCurrencyCode":"","_EventCurrencyPosition":"","_EventDateTimeSeparator":"","_EventTimeRangeSeparator":"","_EventOrganizerID":[],"_EventVenueID":[],"_OrganizerEmail":"","_OrganizerPhone":"","_OrganizerWebsite":"","_VenueAddress":"","_VenueCity":"","_VenueCountry":"","_VenueProvince":"","_VenueState":"","_VenueZip":"","_VenuePhone":"","_VenueURL":"","_VenueStateProvince":"","_VenueLat":"","_VenueLng":"","_VenueShowMap":false,"_VenueShowMapLink":false,"footnotes":""},"categories":[10,1],"tags":[],"class_list":["post-775","post","type-post","status-publish","format-standard","hentry","category-2019-2020","category-uncategorized"],"_links":{"self":[{"href":"https:\/\/www.grundschule-brander-feld.de\/index.php\/wp-json\/wp\/v2\/posts\/775","targetHints":{"allow":["GET"]}}],"collection":[{"href":"https:\/\/www.grundschule-brander-feld.de\/index.php\/wp-json\/wp\/v2\/posts"}],"about":[{"href":"https:\/\/www.grundschule-brander-feld.de\/index.php\/wp-json\/wp\/v2\/types\/post"}],"author":[{"embeddable":true,"href":"https:\/\/www.grundschule-brander-feld.de\/index.php\/wp-json\/wp\/v2\/users\/9"}],"replies":[{"embeddable":true,"href":"https:\/\/www.grundschule-brander-feld.de\/index.php\/wp-json\/wp\/v2\/comments?post=775"}],"version-history":[{"count":2,"href":"https:\/\/www.grundschule-brander-feld.de\/index.php\/wp-json\/wp\/v2\/posts\/775\/revisions"}],"predecessor-version":[{"id":780,"href":"https:\/\/www.grundschule-brander-feld.de\/index.php\/wp-json\/wp\/v2\/posts\/775\/revisions\/780"}],"wp:attachment":[{"href":"https:\/\/www.grundschule-brander-feld.de\/index.php\/wp-json\/wp\/v2\/media?parent=775"}],"wp:term":[{"taxonomy":"category","embeddable":true,"href":"https:\/\/www.grundschule-brander-feld.de\/index.php\/wp-json\/wp\/v2\/categories?post=775"},{"taxonomy":"post_tag","embeddable":true,"href":"https:\/\/www.grundschule-brander-feld.de\/index.php\/wp-json\/wp\/v2\/tags?post=775"}],"curies":[{"name":"wp","href":"https:\/\/api.w.org\/{rel}","templated":true}]}}