{"id":752,"date":"2020-03-15T19:50:22","date_gmt":"2020-03-15T18:50:22","guid":{"rendered":"http:\/\/www.grundschule-brander-feld.de\/?p=752"},"modified":"2025-09-12T08:11:21","modified_gmt":"2025-09-12T06:11:21","slug":"elterninformation-betreuung-ogs-waehrend-der-schulschliessung","status":"publish","type":"post","link":"https:\/\/www.grundschule-brander-feld.de\/index.php\/2020\/03\/15\/elterninformation-betreuung-ogs-waehrend-der-schulschliessung\/","title":{"rendered":"Elterninformation Betreuung OGS w\u00e4hrend der Schulschlie\u00dfung"},"content":{"rendered":"\n<p>Liebe Eltern,&nbsp; &nbsp;&nbsp;&nbsp;&nbsp;&nbsp;&nbsp;&nbsp;&nbsp;&nbsp;&nbsp;&nbsp;&nbsp;&nbsp;&nbsp;&nbsp;&nbsp;&nbsp;&nbsp;&nbsp;&nbsp;&nbsp;&nbsp;&nbsp;&nbsp;&nbsp;&nbsp;&nbsp;&nbsp;&nbsp;&nbsp;&nbsp;&nbsp;&nbsp;&nbsp;&nbsp;&nbsp;&nbsp;&nbsp;&nbsp;&nbsp;&nbsp;&nbsp;&nbsp;&nbsp;&nbsp;&nbsp;&nbsp;&nbsp;&nbsp;&nbsp;&nbsp;&nbsp;&nbsp;&nbsp;&nbsp;&nbsp;&nbsp;&nbsp;&nbsp;&nbsp;&nbsp;&nbsp;&nbsp;&nbsp;&nbsp;&nbsp;&nbsp;&nbsp;&nbsp;&nbsp;&nbsp;&nbsp;&nbsp;&nbsp;&nbsp;&nbsp;&nbsp;&nbsp;&nbsp;&nbsp;&nbsp;&nbsp;&nbsp;&nbsp;&nbsp;&nbsp;&nbsp;&nbsp;&nbsp;&nbsp;&nbsp;&nbsp;&nbsp;&nbsp;&nbsp;&nbsp;&nbsp;&nbsp;&nbsp;&nbsp;&nbsp;&nbsp;&nbsp;&nbsp;&nbsp;&nbsp;&nbsp;&nbsp;&nbsp;&nbsp;&nbsp;&nbsp;&nbsp;&nbsp;&nbsp;&nbsp;&nbsp;&nbsp;&nbsp;&nbsp;&nbsp;&nbsp;&nbsp;&nbsp;&nbsp;&nbsp;&nbsp;15.03.2020<br> <br> <\/p>\n\n\n\n<p>das Ministerium f\u00fcr Schule und Bildung hat folgende Bedingungen festgelegt, damit Ihre Kinder nach der \u00dcbergangzeit ab Mittwoch, 18.03.20 bis zum Beginn der Osterferien in den R\u00e4umen der Schule zu den \u00fcblichen Schul- und OGS-Zeiten betreut werden k\u00f6nnen:<\/p>\n\n\n\n<ul class=\"wp-block-list\"><li>Alleinerziehende  oder beide Eltern m\u00fcssen unentbehrliche <strong>Schl\u00fcsselpersonen*<\/strong> sein. \u00a0<\/li><li>Eine  private Betreuung insbesondere durch Familienangeh\u00f6rige ist nicht m\u00f6glich.      <\/li><li>Der  Arbeitgeber kann eine flexible Arbeitszeit oder Arbeitsgestaltung (z. B. Homeoffice)  nicht gew\u00e4hrleisten.<br>      <\/li><li><strong>* Schl\u00fcsselpersonen<\/strong> sind Angeh\u00f6rige von Berufsgruppen, deren T\u00e4tigkeit der Aufrechterhaltung der \u00f6ffentlichen Sicherheit und Ordnung sowie der medizinischen und pflegerischen Versorgung der Bev\u00f6lkerung und der Aufrechterhaltung zentraler Funktionen des \u00f6ffentlichen Lebens dient.<\/li><li> Dazu z\u00e4hlen insbesondere alle Einrichtungen, die der Aufrechterhaltung der Gesundheitsversorgung und der Pflege sowie der Behindertenhilfe, Kinder- und Jugendhilfe, der \u00f6ffentlichen Sicherheit und Ordnung einschlie\u00dflich der nichtpolizeilichen Gefahrenabwehr (Feuerwehr, Rettungsdienst und Katastrophenschutz), der Sicherstellung der \u00f6ffentlichen Infrastrukturen (Telekommunikationsdienste, Energie, Wasser, \u00d6PNV, Entsorgung), der Lebensmittelversorgung und der Handlungsf\u00e4higkeit zentraler Stellen von Staat, Justiz und Verwaltung dienen. <\/li><li> Sollten Sie zu diesem Personenkreis geh\u00f6ren, ist es notwendig, dass Sie uns bitte <strong>bis sp\u00e4testens Dienstag, den 17.3. die Unentbehrlichkeit durch eine schriftliche Best\u00e4tigung<\/strong> des jeweiligen Arbeitgebers bzw. Dienstvorgesetzten nachweisen. Hierf\u00fcr soll in K\u00fcrze ein Formular durch die Stadt\/ St\u00e4dteregion <a href=\"http:\/\/www.aachen.de\/corona\">www.aachen.de\/corona<\/a>\u00a0zum Download bereitgestellt werden.<\/li><\/ul>\n\n\n\n<p>Dieses\nFormular m\u00fcssen Eltern, die in diesen Berufen arbeiten, herunterladen und\nausgef\u00fcllt (mit Bescheinigung des Arbeitsgebers) abgeben. Senden Sie dazu bitte\ndie entsprechenden Dokumente an <a href=\"mailto:GGS.Brander-Feld@mail.aachen.de\">GGS.Brander-Feld@mail.aachen.de<\/a> oder nutzen Sie den Briefkasten bzw. legen\ndie Dokumente im Sekretariat vor. F\u00fcr unsere Planung ist es <strong>sehr hilfreich<\/strong>,\nwenn Sie uns schon vorab schreiben, ob Sie <strong>voraussichtlich Betreuungsbedarf<\/strong>\nhaben und in welchem Umfang (Tage und Zeiten). Der Nachweis der\nUnentbehrlichkeit ist erforderlich, um die Zahl der zu betreuenden Kinder so\ngering wie m\u00f6glich zu halten, mit dem Ziel einer weiteren Verbreitung von\nSARS-CoV-2 entgegenzuwirken.<\/p>\n\n\n\n<p>Und nun noch\neinige Hinweise zum <strong>Lernmaterial f\u00fcr die Kinder<\/strong>: <\/p>\n\n\n\n<p>Von den Klassenlehrerinnen erhalten Sie am Montag per Mail Wochenpl\u00e4ne bzw. &nbsp;Informationen, denen Sie entnehmen k\u00f6nnen, wie die Kinder mit dem Material zu Hause arbeiten k\u00f6nnen.&nbsp;&nbsp; Eine weitere \u00dcbungs-M\u00f6glichkeit bietet die&nbsp;kostenlose <strong>Lern-App ANTON<\/strong>. <\/p>\n\n\n\n<p>Auch das <strong>WDR Fernsehen<\/strong> weitet\nvor dem aktuellen Hintergrund sein Bildungsprogramm aus und bietet ab Mittwoch ein\numfangreiches kindgerechtes Programm an:&nbsp; <a href=\"https:\/\/presse.wdr.de\/plounge\/wdr\/programm\/2020\/03\/20200314_bildungsprogramm.html\">https:\/\/presse.wdr.de\/plounge\/wdr\/programm\/2020\/03\/20200314_bildungsprogramm.html<\/a>.<\/p>\n\n\n\n<p>F\u00fcr\nFragen stehen wir Ihnen gerne zur Verf\u00fcgung. <\/p>\n\n\n\n<p>Vielen\nDank an alle f\u00fcr Ihr Mitwirken, bleiben Sie gesund!<\/p>\n\n\n\n<p>Anke Sch\u00fcrings &nbsp;&nbsp;&nbsp;&nbsp;&nbsp;&nbsp;&nbsp;&nbsp;&nbsp;&nbsp;&nbsp;&nbsp;&nbsp;&nbsp;&nbsp;&nbsp;&nbsp;&nbsp;&nbsp;&nbsp;&nbsp;&nbsp;&nbsp;&nbsp;&nbsp;&nbsp;&nbsp;&nbsp;&nbsp;&nbsp;&nbsp;&nbsp;&nbsp;&nbsp;&nbsp;&nbsp;&nbsp;&nbsp;&nbsp;&nbsp;&nbsp;&nbsp;&nbsp;&nbsp;&nbsp;&nbsp;&nbsp;&nbsp;&nbsp;&nbsp;&nbsp;&nbsp;&nbsp;&nbsp;&nbsp;&nbsp;&nbsp;&nbsp;&nbsp;&nbsp;&nbsp;&nbsp;&nbsp;&nbsp;&nbsp;&nbsp;&nbsp;&nbsp;&nbsp;&nbsp;&nbsp;&nbsp;&nbsp;&nbsp;&nbsp;&nbsp;&nbsp;&nbsp;&nbsp;&nbsp;&nbsp;&nbsp;&nbsp;&nbsp;&nbsp;&nbsp;&nbsp;&nbsp;&nbsp;&nbsp;&nbsp;&nbsp;&nbsp;&nbsp;&nbsp;&nbsp;&nbsp;&nbsp;&nbsp;&nbsp;&nbsp;&nbsp;&nbsp;&nbsp;&nbsp;&nbsp;&nbsp;&nbsp;&nbsp;&nbsp; <\/p>\n","protected":false},"excerpt":{"rendered":"<p>Liebe Eltern,&nbsp; &nbsp;&nbsp;&nbsp;&nbsp;&nbsp;&nbsp;&nbsp;&nbsp;&nbsp;&nbsp;&nbsp;&nbsp;&nbsp;&nbsp;&nbsp;&nbsp;&nbsp;&nbsp;&nbsp;&nbsp;&nbsp;&nbsp;&nbsp;&nbsp;&nbsp;&nbsp;&nbsp;&nbsp;&nbsp;&nbsp;&nbsp;&nbsp;&nbsp;&nbsp;&nbsp;&nbsp;&nbsp;&nbsp;&nbsp;&nbsp;&nbsp;&nbsp;&nbsp;&nbsp;&nbsp;&nbsp;&nbsp;&nbsp;&nbsp;&nbsp;&nbsp;&nbsp;&nbsp;&nbsp;&nbsp;&nbsp;&nbsp;&nbsp;&nbsp;&nbsp;&nbsp;&nbsp;&nbsp;&nbsp;&nbsp;&nbsp;&nbsp;&nbsp;&nbsp;&nbsp;&nbsp;&nbsp;&nbsp;&nbsp;&nbsp;&nbsp;&nbsp;&nbsp;&nbsp;&nbsp;&nbsp;&nbsp;&nbsp;&nbsp;&nbsp;&nbsp;&nbsp;&nbsp;&nbsp;&nbsp;&nbsp;&nbsp;&nbsp;&nbsp;&nbsp;&nbsp;&nbsp;&nbsp;&nbsp;&nbsp;&nbsp;&nbsp;&nbsp;&nbsp;&nbsp;&nbsp;&nbsp;&nbsp;&nbsp;&nbsp;&nbsp;&nbsp;&nbsp;&nbsp;&nbsp;&nbsp;&nbsp;&nbsp;&nbsp;&nbsp;&nbsp;&nbsp;&nbsp;&nbsp;&nbsp;&nbsp;&nbsp;15.03.2020 das Ministerium f\u00fcr Schule und Bildung hat folgende Bedingungen festgelegt, damit Ihre Kinder nach der \u00dcbergangzeit ab Mittwoch, 18.03.20 bis zum Beginn der Osterferien in den R\u00e4umen &hellip; <\/p>\n<p class=\"link-more\"><a href=\"https:\/\/www.grundschule-brander-feld.de\/index.php\/2020\/03\/15\/elterninformation-betreuung-ogs-waehrend-der-schulschliessung\/\" class=\"more-link\"><span class=\"screen-reader-text\">\u201eElterninformation Betreuung OGS w\u00e4hrend der Schulschlie\u00dfung\u201c<\/span> weiterlesen<\/a><\/p>\n","protected":false},"author":9,"featured_media":0,"comment_status":"closed","ping_status":"closed","sticky":false,"template":"","format":"standard","meta":{"_EventAllDay":false,"_EventTimezone":"","_EventStartDate":"","_EventEndDate":"","_EventStartDateUTC":"","_EventEndDateUTC":"","_EventShowMap":false,"_EventShowMapLink":false,"_EventURL":"","_EventCost":"","_EventCostDescription":"","_EventCurrencySymbol":"","_EventCurrencyCode":"","_EventCurrencyPosition":"","_EventDateTimeSeparator":"","_EventTimeRangeSeparator":"","_EventOrganizerID":[],"_EventVenueID":[],"_OrganizerEmail":"","_OrganizerPhone":"","_OrganizerWebsite":"","_VenueAddress":"","_VenueCity":"","_VenueCountry":"","_VenueProvince":"","_VenueState":"","_VenueZip":"","_VenuePhone":"","_VenueURL":"","_VenueStateProvince":"","_VenueLat":"","_VenueLng":"","_VenueShowMap":false,"_VenueShowMapLink":false,"footnotes":""},"categories":[10,1],"tags":[],"class_list":["post-752","post","type-post","status-publish","format-standard","hentry","category-2019-2020","category-uncategorized"],"_links":{"self":[{"href":"https:\/\/www.grundschule-brander-feld.de\/index.php\/wp-json\/wp\/v2\/posts\/752","targetHints":{"allow":["GET"]}}],"collection":[{"href":"https:\/\/www.grundschule-brander-feld.de\/index.php\/wp-json\/wp\/v2\/posts"}],"about":[{"href":"https:\/\/www.grundschule-brander-feld.de\/index.php\/wp-json\/wp\/v2\/types\/post"}],"author":[{"embeddable":true,"href":"https:\/\/www.grundschule-brander-feld.de\/index.php\/wp-json\/wp\/v2\/users\/9"}],"replies":[{"embeddable":true,"href":"https:\/\/www.grundschule-brander-feld.de\/index.php\/wp-json\/wp\/v2\/comments?post=752"}],"version-history":[{"count":5,"href":"https:\/\/www.grundschule-brander-feld.de\/index.php\/wp-json\/wp\/v2\/posts\/752\/revisions"}],"predecessor-version":[{"id":758,"href":"https:\/\/www.grundschule-brander-feld.de\/index.php\/wp-json\/wp\/v2\/posts\/752\/revisions\/758"}],"wp:attachment":[{"href":"https:\/\/www.grundschule-brander-feld.de\/index.php\/wp-json\/wp\/v2\/media?parent=752"}],"wp:term":[{"taxonomy":"category","embeddable":true,"href":"https:\/\/www.grundschule-brander-feld.de\/index.php\/wp-json\/wp\/v2\/categories?post=752"},{"taxonomy":"post_tag","embeddable":true,"href":"https:\/\/www.grundschule-brander-feld.de\/index.php\/wp-json\/wp\/v2\/tags?post=752"}],"curies":[{"name":"wp","href":"https:\/\/api.w.org\/{rel}","templated":true}]}}