{"id":746,"date":"2020-03-14T09:48:15","date_gmt":"2020-03-14T08:48:15","guid":{"rendered":"http:\/\/www.grundschule-brander-feld.de\/?p=746"},"modified":"2025-09-12T08:11:21","modified_gmt":"2025-09-12T06:11:21","slug":"aktuelle-elterninformation-schulschliessung-zum-16-03-2020","status":"publish","type":"post","link":"https:\/\/www.grundschule-brander-feld.de\/index.php\/2020\/03\/14\/aktuelle-elterninformation-schulschliessung-zum-16-03-2020\/","title":{"rendered":"Aktuelle Elterninformation (Schulschlie\u00dfung zum 16.03.2020)"},"content":{"rendered":"\n<p>Aachen, den 13.03.2020<\/p>\n\n\n\n<p>Liebe Eltern,<\/p>\n\n\n\n<p>mit diesem Brief erhalten Sie die aktuellen Informationen zum\nUmgang mit dem Corona-Virus im Schulbereich.<\/p>\n\n\n\n<p><strong>RUHEN DES\nUNTERRICHTS AB MONTAG BIS ZUM BEGINN DER OSTERFERIEN<\/strong><\/p>\n\n\n\n<p>Alle Schulen im Land Nordrhein-Westfalen werden zum 16.03.2020\nbis zum Beginn der Osterferien durch die Landesregierung geschlossen. Dies\nbedeutet, dass bereits am Montag der Unterricht in den Schulen ruht.<\/p>\n\n\n\n<p>Wir als Schule sichern die <strong>Kommunikationsm\u00f6glichkeiten\n<\/strong>mit Ihnen als Eltern in den kommenden Wochen haupts\u00e4chlich \u00fcber die\nEmailadressen und \u2013Verteiler oder telefonisch.&nbsp;&nbsp;\n<\/p>\n\n\n\n<p><strong>\u00dcBERGANGSREGELUNG<\/strong>: Damit Sie als Eltern\nGelegenheit haben, sich auf diese Situation einzustellen, k\u00f6nnen Sie bis\neinschlie\u00dflich Dienstag (17.03.2020) aus eigener Entscheidung Ihre Kinder zur\nSchule schicken. An diesen beiden Tagen ist w\u00e4hrend der \u00fcblichen\nUnterrichtszeit eine Betreuung sichergestellt. <\/p>\n\n\n\n<p><strong>Der\nCaterer<\/strong>\nhat f\u00fcr die Zeit vom 16.3. \u2013 einschlie\u00dflich 19.4. die Essenslieferung\neingestellt. Bitte geben Sie Ihrem Kind gen\u00fcgend Brote\/M\u00fcsli mit zur\nSchule.&nbsp; <\/p>\n\n\n\n<p><strong>NOT-BETREUUNGSANGEBOT<\/strong>: Es soll f\u00fcr Eltern,\ndie in unverzichtbaren Funktionsbereichen \u2013 insbesondere im Gesundheitswesen \u2013\narbeiten, w\u00e4hrend der gesamten Zeit des Unterrichtsausfalls ein entsprechendes\nBetreuungsangebot vorbereitet werden. <\/p>\n\n\n\n<p>Es wird empfohlen, die Sch\u00fclerinnen und Sch\u00fcler in der Zeit bis\nzum Beginn der Osterferien zum Lernen zu Hause anzuhalten. Es ist in jedem Fall\neine <strong>Erreichbarkeit der Schulleitung und\nder Lehrkr\u00e4fte<\/strong> \u00fcber die schulischen Mailadressen sichergestellt.<\/p>\n\n\n\n<p><strong>Elternsprechzeiten:<\/strong> Die f\u00fcr die n\u00e4chsten Wochen terminierten Elternsprechzeiten m\u00fcssen leider auf die Zeit nach den Osterferien verschoben werden oder   telefonisch stattfinden.  Die Absprache erfolgt mit der entsprechenden Lehrerin.<\/p>\n\n\n\n<p>Sollten sich \u00c4nderungen ergeben, werden wir Ihnen dies so bald wie m\u00f6glich mitteilen.\u00a0 \u00a0\u00a0\u00a0\u00a0\u00a0\u00a0\u00a0<\/p>\n\n\n\n<p>Schauen\nSie bitte regelm\u00e4\u00dfig auf unsere <strong>Homepage<\/strong><strong>\n(www.grundschule-brander-feld.de)<\/strong><\/p>\n\n\n\n<p>Alles Gute w\u00fcnscht Ihnen<\/p>\n\n\n\n<p>Anke Sch\u00fcrings<br><br>GGS Brander Feld \u25cf Schagenstra\u00dfe 40 \u25cf 52078 Aachen \u25cf Tel.: 0241\/9559446 \u25cf Fax: 9559448 \u25cf GGS.Brander-Feld@mail.aachen.de <\/p>\n","protected":false},"excerpt":{"rendered":"<p>Aachen, den 13.03.2020 Liebe Eltern, mit diesem Brief erhalten Sie die aktuellen Informationen zum Umgang mit dem Corona-Virus im Schulbereich. RUHEN DES UNTERRICHTS AB MONTAG BIS ZUM BEGINN DER OSTERFERIEN &hellip; <\/p>\n<p class=\"link-more\"><a href=\"https:\/\/www.grundschule-brander-feld.de\/index.php\/2020\/03\/14\/aktuelle-elterninformation-schulschliessung-zum-16-03-2020\/\" class=\"more-link\"><span class=\"screen-reader-text\">\u201eAktuelle Elterninformation (Schulschlie\u00dfung zum 16.03.2020)\u201c<\/span> weiterlesen<\/a><\/p>\n","protected":false},"author":9,"featured_media":0,"comment_status":"closed","ping_status":"closed","sticky":false,"template":"","format":"standard","meta":{"_EventAllDay":false,"_EventTimezone":"","_EventStartDate":"","_EventEndDate":"","_EventStartDateUTC":"","_EventEndDateUTC":"","_EventShowMap":false,"_EventShowMapLink":false,"_EventURL":"","_EventCost":"","_EventCostDescription":"","_EventCurrencySymbol":"","_EventCurrencyCode":"","_EventCurrencyPosition":"","_EventDateTimeSeparator":"","_EventTimeRangeSeparator":"","_EventOrganizerID":[],"_EventVenueID":[],"_OrganizerEmail":"","_OrganizerPhone":"","_OrganizerWebsite":"","_VenueAddress":"","_VenueCity":"","_VenueCountry":"","_VenueProvince":"","_VenueState":"","_VenueZip":"","_VenuePhone":"","_VenueURL":"","_VenueStateProvince":"","_VenueLat":"","_VenueLng":"","_VenueShowMap":false,"_VenueShowMapLink":false,"footnotes":""},"categories":[10,1],"tags":[],"class_list":["post-746","post","type-post","status-publish","format-standard","hentry","category-2019-2020","category-uncategorized"],"_links":{"self":[{"href":"https:\/\/www.grundschule-brander-feld.de\/index.php\/wp-json\/wp\/v2\/posts\/746","targetHints":{"allow":["GET"]}}],"collection":[{"href":"https:\/\/www.grundschule-brander-feld.de\/index.php\/wp-json\/wp\/v2\/posts"}],"about":[{"href":"https:\/\/www.grundschule-brander-feld.de\/index.php\/wp-json\/wp\/v2\/types\/post"}],"author":[{"embeddable":true,"href":"https:\/\/www.grundschule-brander-feld.de\/index.php\/wp-json\/wp\/v2\/users\/9"}],"replies":[{"embeddable":true,"href":"https:\/\/www.grundschule-brander-feld.de\/index.php\/wp-json\/wp\/v2\/comments?post=746"}],"version-history":[{"count":3,"href":"https:\/\/www.grundschule-brander-feld.de\/index.php\/wp-json\/wp\/v2\/posts\/746\/revisions"}],"predecessor-version":[{"id":751,"href":"https:\/\/www.grundschule-brander-feld.de\/index.php\/wp-json\/wp\/v2\/posts\/746\/revisions\/751"}],"wp:attachment":[{"href":"https:\/\/www.grundschule-brander-feld.de\/index.php\/wp-json\/wp\/v2\/media?parent=746"}],"wp:term":[{"taxonomy":"category","embeddable":true,"href":"https:\/\/www.grundschule-brander-feld.de\/index.php\/wp-json\/wp\/v2\/categories?post=746"},{"taxonomy":"post_tag","embeddable":true,"href":"https:\/\/www.grundschule-brander-feld.de\/index.php\/wp-json\/wp\/v2\/tags?post=746"}],"curies":[{"name":"wp","href":"https:\/\/api.w.org\/{rel}","templated":true}]}}