{"id":616,"date":"2019-12-09T18:37:28","date_gmt":"2019-12-09T17:37:28","guid":{"rendered":"http:\/\/www.grundschule-brander-feld.de\/?p=616"},"modified":"2025-09-12T08:11:21","modified_gmt":"2025-09-12T06:11:21","slug":"der-nikolaus-zu-besuch-im-brander-feld","status":"publish","type":"post","link":"https:\/\/www.grundschule-brander-feld.de\/index.php\/2019\/12\/09\/der-nikolaus-zu-besuch-im-brander-feld\/","title":{"rendered":"Der Nikolaus zu Besuch im Brander Feld"},"content":{"rendered":"\n<p>Trotz des Nebels blieb er nicht lange unbemerkt.  Schnell dr\u00e4ngten sich die Sch\u00fclerinnen und Sch\u00fcler an die Fenster in ihren jeweiligen Klassen, um den Nikolaus winkend und lachend zu empfangen.  Kaum in der Halle angekommen, freute er sich \u00fcber vorgetragene Gedichte und die wohlig-weihnachtliche Atmosph\u00e4re, die in der gro\u00dfen Halle herrschte. Und wie es sich f\u00fcr den Nikolaus geh\u00f6rte, hatte er in seinem gro\u00dfen Sack f\u00fcr jedes Kind ein kleines Geschenk dabei.   <\/p>\n\n\n\n<figure class=\"wp-block-image\"><img loading=\"lazy\" decoding=\"async\" width=\"1024\" height=\"768\" src=\"http:\/\/www.grundschule-brander-feld.de\/wp-content\/uploads\/2019\/12\/0A83DF6D-4371-4E7A-9FEF-8106B74B1035-1024x768.jpeg\" alt=\"\" class=\"wp-image-620\" srcset=\"https:\/\/www.grundschule-brander-feld.de\/wp-content\/uploads\/2019\/12\/0A83DF6D-4371-4E7A-9FEF-8106B74B1035-1024x768.jpeg 1024w, https:\/\/www.grundschule-brander-feld.de\/wp-content\/uploads\/2019\/12\/0A83DF6D-4371-4E7A-9FEF-8106B74B1035-300x225.jpeg 300w, https:\/\/www.grundschule-brander-feld.de\/wp-content\/uploads\/2019\/12\/0A83DF6D-4371-4E7A-9FEF-8106B74B1035-768x576.jpeg 768w\" sizes=\"auto, (max-width: 767px) 89vw, (max-width: 1000px) 54vw, (max-width: 1071px) 543px, 580px\" \/><\/figure>\n","protected":false},"excerpt":{"rendered":"<p>Trotz des Nebels blieb er nicht lange unbemerkt. Schnell dr\u00e4ngten sich die Sch\u00fclerinnen und Sch\u00fcler an die Fenster in ihren jeweiligen Klassen, um den Nikolaus winkend und lachend zu empfangen. &hellip; <\/p>\n<p class=\"link-more\"><a href=\"https:\/\/www.grundschule-brander-feld.de\/index.php\/2019\/12\/09\/der-nikolaus-zu-besuch-im-brander-feld\/\" class=\"more-link\"><span class=\"screen-reader-text\">\u201eDer Nikolaus zu Besuch im Brander Feld\u201c<\/span> weiterlesen<\/a><\/p>\n","protected":false},"author":9,"featured_media":0,"comment_status":"closed","ping_status":"closed","sticky":false,"template":"","format":"standard","meta":{"_EventAllDay":false,"_EventTimezone":"","_EventStartDate":"","_EventEndDate":"","_EventStartDateUTC":"","_EventEndDateUTC":"","_EventShowMap":false,"_EventShowMapLink":false,"_EventURL":"","_EventCost":"","_EventCostDescription":"","_EventCurrencySymbol":"","_EventCurrencyCode":"","_EventCurrencyPosition":"","_EventDateTimeSeparator":"","_EventTimeRangeSeparator":"","_EventOrganizerID":[],"_EventVenueID":[],"_OrganizerEmail":"","_OrganizerPhone":"","_OrganizerWebsite":"","_VenueAddress":"","_VenueCity":"","_VenueCountry":"","_VenueProvince":"","_VenueState":"","_VenueZip":"","_VenuePhone":"","_VenueURL":"","_VenueStateProvince":"","_VenueLat":"","_VenueLng":"","_VenueShowMap":false,"_VenueShowMapLink":false,"footnotes":""},"categories":[10],"tags":[],"class_list":["post-616","post","type-post","status-publish","format-standard","hentry","category-2019-2020"],"_links":{"self":[{"href":"https:\/\/www.grundschule-brander-feld.de\/index.php\/wp-json\/wp\/v2\/posts\/616","targetHints":{"allow":["GET"]}}],"collection":[{"href":"https:\/\/www.grundschule-brander-feld.de\/index.php\/wp-json\/wp\/v2\/posts"}],"about":[{"href":"https:\/\/www.grundschule-brander-feld.de\/index.php\/wp-json\/wp\/v2\/types\/post"}],"author":[{"embeddable":true,"href":"https:\/\/www.grundschule-brander-feld.de\/index.php\/wp-json\/wp\/v2\/users\/9"}],"replies":[{"embeddable":true,"href":"https:\/\/www.grundschule-brander-feld.de\/index.php\/wp-json\/wp\/v2\/comments?post=616"}],"version-history":[{"count":1,"href":"https:\/\/www.grundschule-brander-feld.de\/index.php\/wp-json\/wp\/v2\/posts\/616\/revisions"}],"predecessor-version":[{"id":621,"href":"https:\/\/www.grundschule-brander-feld.de\/index.php\/wp-json\/wp\/v2\/posts\/616\/revisions\/621"}],"wp:attachment":[{"href":"https:\/\/www.grundschule-brander-feld.de\/index.php\/wp-json\/wp\/v2\/media?parent=616"}],"wp:term":[{"taxonomy":"category","embeddable":true,"href":"https:\/\/www.grundschule-brander-feld.de\/index.php\/wp-json\/wp\/v2\/categories?post=616"},{"taxonomy":"post_tag","embeddable":true,"href":"https:\/\/www.grundschule-brander-feld.de\/index.php\/wp-json\/wp\/v2\/tags?post=616"}],"curies":[{"name":"wp","href":"https:\/\/api.w.org\/{rel}","templated":true}]}}