{"id":609,"date":"2019-12-03T09:49:44","date_gmt":"2019-12-03T08:49:44","guid":{"rendered":"http:\/\/www.grundschule-brander-feld.de\/?p=609"},"modified":"2025-09-12T08:11:21","modified_gmt":"2025-09-12T06:11:21","slug":"das-kinderparlament-zu-besuch-beim-oberbuergermeister","status":"publish","type":"post","link":"https:\/\/www.grundschule-brander-feld.de\/index.php\/2019\/12\/03\/das-kinderparlament-zu-besuch-beim-oberbuergermeister\/","title":{"rendered":"Das Kinderparlament zu Besuch beim Oberb\u00fcrgermeister"},"content":{"rendered":"\n<p>Was f\u00fcr ein Tag! Der mit viel Spannung und Freude erwartete Besuch bei Oberb\u00fcrgermeister Marcel Philipp im Rathaus war ein voller Erfolg. Doch worum ging es bei dem Treffen? Im Mittelpunkt standen die Kinderrechte und damit einhergehend ihre Bedeutung und ihr Stellenwert. Nicht nur einige Kinder des Sch\u00fclerparlaments aus unserer Schule pr\u00e4sentierten tolle St\u00fccke, T\u00e4nze oder Rollenspiele, auch viele Grundsch\u00fcler- und sch\u00fclerinnen anderer Schulen aus Aachen gaben tolle Denkanst\u00f6\u00dfe. F\u00fcr die neunj\u00e4hrige Mara ein rundum gelungener Tag. \u201eIm Rathaus sa\u00dfen wir mit sehr vielen Kindern aus verschiedenen Schulen in einem gro\u00dfen Saal, der Sitzungssaal hei\u00dft. Jede Schule, also auch unsere Schule, hat etwas zu den vielen wichtigen Kinderrechten vorgetragen und warum es so wichtig ist, dass sie ins Grundgesetz kommen\u201c, erz\u00e4hlte sie. Und ferner betonte sie: \u201eUnsere Schule hat ein Rollenspiel zum Kinderrecht \u201eRecht auf gewaltfreie Erziehung\u201c gezeigt. Es gab nicht nur Rollenspiele, sondern auch kleine T\u00e4nze, ein Mobil\u00e9 und Himmelsleitern. Alles geh\u00f6rte zu den Kinderrechten. Wir hoffen, dass es dem Oberb\u00fcrgermeister gefallen hat. Ich fand es auch sehr toll\u201c.<br> Kinderrechte existieren zwar schon seit 30 Jahren, aber leider werden sie h\u00e4ufig noch nicht genug beachtet. \u201eWir Kinder setzen uns aber weiter daf\u00fcr ein, dass die Kinderrechte endlich ins Grundgesetz kommen\u201c, betonte Mara.<\/p>\n","protected":false},"excerpt":{"rendered":"<p>Was f\u00fcr ein Tag! Der mit viel Spannung und Freude erwartete Besuch bei Oberb\u00fcrgermeister Marcel Philipp im Rathaus war ein voller Erfolg. Doch worum ging es bei dem Treffen? Im &hellip; <\/p>\n<p class=\"link-more\"><a href=\"https:\/\/www.grundschule-brander-feld.de\/index.php\/2019\/12\/03\/das-kinderparlament-zu-besuch-beim-oberbuergermeister\/\" class=\"more-link\"><span class=\"screen-reader-text\">\u201eDas Kinderparlament zu Besuch beim Oberb\u00fcrgermeister\u201c<\/span> weiterlesen<\/a><\/p>\n","protected":false},"author":9,"featured_media":0,"comment_status":"closed","ping_status":"closed","sticky":false,"template":"","format":"standard","meta":{"_EventAllDay":false,"_EventTimezone":"","_EventStartDate":"","_EventEndDate":"","_EventStartDateUTC":"","_EventEndDateUTC":"","_EventShowMap":false,"_EventShowMapLink":false,"_EventURL":"","_EventCost":"","_EventCostDescription":"","_EventCurrencySymbol":"","_EventCurrencyCode":"","_EventCurrencyPosition":"","_EventDateTimeSeparator":"","_EventTimeRangeSeparator":"","_EventOrganizerID":[],"_EventVenueID":[],"_OrganizerEmail":"","_OrganizerPhone":"","_OrganizerWebsite":"","_VenueAddress":"","_VenueCity":"","_VenueCountry":"","_VenueProvince":"","_VenueState":"","_VenueZip":"","_VenuePhone":"","_VenueURL":"","_VenueStateProvince":"","_VenueLat":"","_VenueLng":"","_VenueShowMap":false,"_VenueShowMapLink":false,"footnotes":""},"categories":[8,10,1],"tags":[],"class_list":["post-609","post","type-post","status-publish","format-standard","hentry","category-8","category-2019-2020","category-uncategorized"],"_links":{"self":[{"href":"https:\/\/www.grundschule-brander-feld.de\/index.php\/wp-json\/wp\/v2\/posts\/609","targetHints":{"allow":["GET"]}}],"collection":[{"href":"https:\/\/www.grundschule-brander-feld.de\/index.php\/wp-json\/wp\/v2\/posts"}],"about":[{"href":"https:\/\/www.grundschule-brander-feld.de\/index.php\/wp-json\/wp\/v2\/types\/post"}],"author":[{"embeddable":true,"href":"https:\/\/www.grundschule-brander-feld.de\/index.php\/wp-json\/wp\/v2\/users\/9"}],"replies":[{"embeddable":true,"href":"https:\/\/www.grundschule-brander-feld.de\/index.php\/wp-json\/wp\/v2\/comments?post=609"}],"version-history":[{"count":2,"href":"https:\/\/www.grundschule-brander-feld.de\/index.php\/wp-json\/wp\/v2\/posts\/609\/revisions"}],"predecessor-version":[{"id":612,"href":"https:\/\/www.grundschule-brander-feld.de\/index.php\/wp-json\/wp\/v2\/posts\/609\/revisions\/612"}],"wp:attachment":[{"href":"https:\/\/www.grundschule-brander-feld.de\/index.php\/wp-json\/wp\/v2\/media?parent=609"}],"wp:term":[{"taxonomy":"category","embeddable":true,"href":"https:\/\/www.grundschule-brander-feld.de\/index.php\/wp-json\/wp\/v2\/categories?post=609"},{"taxonomy":"post_tag","embeddable":true,"href":"https:\/\/www.grundschule-brander-feld.de\/index.php\/wp-json\/wp\/v2\/tags?post=609"}],"curies":[{"name":"wp","href":"https:\/\/api.w.org\/{rel}","templated":true}]}}