{"id":36467,"date":"2025-03-08T10:18:00","date_gmt":"2025-03-08T09:18:00","guid":{"rendered":"https:\/\/www.grundschule-brander-feld.de\/?p=36467"},"modified":"2025-03-23T10:19:22","modified_gmt":"2025-03-23T09:19:22","slug":"mit-herz-und-pfote-fuer-unsere-umwelt","status":"publish","type":"post","link":"https:\/\/www.grundschule-brander-feld.de\/index.php\/2025\/03\/08\/mit-herz-und-pfote-fuer-unsere-umwelt\/","title":{"rendered":"Mit Herz und Pfote f\u00fcr unsere Umwelt"},"content":{"rendered":"\n<p>Am 02. M\u00e4rz 2025 war es endlich so weit: Bei strahlendem Sonnenschein zogen rund 200 gut gelaunte Eltern, Sch\u00fcler und Lehrerinnen gemeinsam durch Brand \u2013 und machten den Karnevalszug zu einem echten Highlight!<\/p>\n\n\n\n<p>Unter unserem Motto <strong>\u201eMit Herz und Pfote f\u00fcr unsere Umwelt\u201c<\/strong> zeigten wir nicht nur unsere jecke Seite, sondern setzten auch ein Zeichen f\u00fcr Nachhaltigkeit. Neben prall gef\u00fcllten Bollerwagen voller Kamelle, die dank der gro\u00dfz\u00fcgigen Spenden der Eltern und B\u00fcrgervereine m\u00f6glich waren, hatten wir noch eine besondere \u00dcberraschung dabei: <strong>Sament\u00fctchen f\u00fcr bienenfreundliche Blumenwiesen!<\/strong> So konnten wir nicht nur S\u00fc\u00dfes verteilen, sondern auch einen kleinen Beitrag zum Naturschutz leisten \u2013 ganz im Sinne unseres Mottos.<\/p>\n\n\n\n<p>Ob Gro\u00df oder Klein \u2013 alle waren mit Begeisterung dabei, schunkelten zu den jecken Kl\u00e4ngen und feierten gemeinsam. Die ausgelassene Stimmung, die vielen fr\u00f6hlichen Gesichter und das perfekte Wetter machten diesen Tag zu einem unvergesslichen Erlebnis.<\/p>\n\n\n\n<p>Wir freuen uns schon jetzt auf den n\u00e4chsten Zug und sagen voller Vorfreude: <strong>Mit Herz und Pfote \u2013 Brand Alaaf!<\/strong><\/p>\n\n\n\n<figure class=\"wp-block-gallery has-nested-images columns-default is-cropped wp-block-gallery-1 is-layout-flex wp-block-gallery-is-layout-flex\">\n<figure class=\"wp-block-image size-large is-resized\"><img loading=\"lazy\" decoding=\"async\" width=\"768\" height=\"1024\" data-id=\"1974\" src=\"https:\/\/www.grundschule-brander-feld.de\/wp-content\/uploads\/2025\/03\/WhatsApp-Image-2025-03-02-at-15.52.52-2-768x1024.jpeg\" alt=\"\" class=\"wp-image-1974\" style=\"width:311px;height:auto\" srcset=\"https:\/\/www.grundschule-brander-feld.de\/wp-content\/uploads\/2025\/03\/WhatsApp-Image-2025-03-02-at-15.52.52-2-768x1024.jpeg 768w, https:\/\/www.grundschule-brander-feld.de\/wp-content\/uploads\/2025\/03\/WhatsApp-Image-2025-03-02-at-15.52.52-2-225x300.jpeg 225w, https:\/\/www.grundschule-brander-feld.de\/wp-content\/uploads\/2025\/03\/WhatsApp-Image-2025-03-02-at-15.52.52-2-1152x1536.jpeg 1152w, https:\/\/www.grundschule-brander-feld.de\/wp-content\/uploads\/2025\/03\/WhatsApp-Image-2025-03-02-at-15.52.52-2.jpeg 1200w\" sizes=\"auto, (max-width: 767px) 89vw, (max-width: 1000px) 54vw, (max-width: 1071px) 543px, 580px\" \/><\/figure>\n\n\n\n<figure class=\"wp-block-image size-large\"><img loading=\"lazy\" decoding=\"async\" width=\"1024\" height=\"768\" data-id=\"1975\" src=\"https:\/\/www.grundschule-brander-feld.de\/wp-content\/uploads\/2025\/03\/WhatsApp-Image-2025-03-02-at-15.37.21-1-1024x768.jpeg\" alt=\"\" class=\"wp-image-1975\" srcset=\"https:\/\/www.grundschule-brander-feld.de\/wp-content\/uploads\/2025\/03\/WhatsApp-Image-2025-03-02-at-15.37.21-1-1024x768.jpeg 1024w, https:\/\/www.grundschule-brander-feld.de\/wp-content\/uploads\/2025\/03\/WhatsApp-Image-2025-03-02-at-15.37.21-1-300x225.jpeg 300w, https:\/\/www.grundschule-brander-feld.de\/wp-content\/uploads\/2025\/03\/WhatsApp-Image-2025-03-02-at-15.37.21-1-768x576.jpeg 768w, https:\/\/www.grundschule-brander-feld.de\/wp-content\/uploads\/2025\/03\/WhatsApp-Image-2025-03-02-at-15.37.21-1-1536x1152.jpeg 1536w, https:\/\/www.grundschule-brander-feld.de\/wp-content\/uploads\/2025\/03\/WhatsApp-Image-2025-03-02-at-15.37.21-1.jpeg 2016w\" sizes=\"auto, (max-width: 767px) 89vw, (max-width: 1000px) 54vw, (max-width: 1071px) 543px, 580px\" \/><\/figure>\n<\/figure>\n\n\n\n<figure class=\"wp-block-image size-large\"><img loading=\"lazy\" decoding=\"async\" width=\"1024\" height=\"577\" src=\"https:\/\/www.grundschule-brander-feld.de\/wp-content\/uploads\/2025\/03\/WhatsApp-Image-2025-03-02-at-15.37.29-1024x577.jpeg\" alt=\"\" class=\"wp-image-1970\" srcset=\"https:\/\/www.grundschule-brander-feld.de\/wp-content\/uploads\/2025\/03\/WhatsApp-Image-2025-03-02-at-15.37.29-1024x577.jpeg 1024w, https:\/\/www.grundschule-brander-feld.de\/wp-content\/uploads\/2025\/03\/WhatsApp-Image-2025-03-02-at-15.37.29-300x169.jpeg 300w, https:\/\/www.grundschule-brander-feld.de\/wp-content\/uploads\/2025\/03\/WhatsApp-Image-2025-03-02-at-15.37.29-768x432.jpeg 768w, https:\/\/www.grundschule-brander-feld.de\/wp-content\/uploads\/2025\/03\/WhatsApp-Image-2025-03-02-at-15.37.29-1536x865.jpeg 1536w, https:\/\/www.grundschule-brander-feld.de\/wp-content\/uploads\/2025\/03\/WhatsApp-Image-2025-03-02-at-15.37.29.jpeg 2000w\" sizes=\"auto, (max-width: 767px) 89vw, (max-width: 1000px) 54vw, (max-width: 1071px) 543px, 580px\" \/><\/figure>\n\n\n\n<figure class=\"wp-block-gallery has-nested-images columns-default is-cropped wp-block-gallery-2 is-layout-flex wp-block-gallery-is-layout-flex\">\n<figure class=\"wp-block-image size-large is-resized\"><img loading=\"lazy\" decoding=\"async\" width=\"1024\" height=\"768\" data-id=\"1983\" src=\"https:\/\/www.grundschule-brander-feld.de\/wp-content\/uploads\/2025\/03\/WhatsApp-Image-2025-03-09-at-21.09.161-1024x768.jpeg\" alt=\"\" class=\"wp-image-1983\" style=\"width:329px;height:auto\" srcset=\"https:\/\/www.grundschule-brander-feld.de\/wp-content\/uploads\/2025\/03\/WhatsApp-Image-2025-03-09-at-21.09.161-1024x768.jpeg 1024w, https:\/\/www.grundschule-brander-feld.de\/wp-content\/uploads\/2025\/03\/WhatsApp-Image-2025-03-09-at-21.09.161-300x225.jpeg 300w, https:\/\/www.grundschule-brander-feld.de\/wp-content\/uploads\/2025\/03\/WhatsApp-Image-2025-03-09-at-21.09.161-768x576.jpeg 768w, https:\/\/www.grundschule-brander-feld.de\/wp-content\/uploads\/2025\/03\/WhatsApp-Image-2025-03-09-at-21.09.161-1536x1152.jpeg 1536w, https:\/\/www.grundschule-brander-feld.de\/wp-content\/uploads\/2025\/03\/WhatsApp-Image-2025-03-09-at-21.09.161.jpeg 2048w\" sizes=\"auto, (max-width: 767px) 89vw, (max-width: 1000px) 54vw, (max-width: 1071px) 543px, 580px\" \/><\/figure>\n\n\n\n<figure class=\"wp-block-image size-large\"><img loading=\"lazy\" decoding=\"async\" width=\"1024\" height=\"768\" data-id=\"1984\" src=\"https:\/\/www.grundschule-brander-feld.de\/wp-content\/uploads\/2025\/03\/WhatsApp-Image-2025-03-09-at-21.09.16-1-1024x768.jpeg\" alt=\"\" class=\"wp-image-1984\" srcset=\"https:\/\/www.grundschule-brander-feld.de\/wp-content\/uploads\/2025\/03\/WhatsApp-Image-2025-03-09-at-21.09.16-1-1024x768.jpeg 1024w, https:\/\/www.grundschule-brander-feld.de\/wp-content\/uploads\/2025\/03\/WhatsApp-Image-2025-03-09-at-21.09.16-1-300x225.jpeg 300w, https:\/\/www.grundschule-brander-feld.de\/wp-content\/uploads\/2025\/03\/WhatsApp-Image-2025-03-09-at-21.09.16-1-768x576.jpeg 768w, https:\/\/www.grundschule-brander-feld.de\/wp-content\/uploads\/2025\/03\/WhatsApp-Image-2025-03-09-at-21.09.16-1-1536x1152.jpeg 1536w, https:\/\/www.grundschule-brander-feld.de\/wp-content\/uploads\/2025\/03\/WhatsApp-Image-2025-03-09-at-21.09.16-1.jpeg 2048w\" sizes=\"auto, (max-width: 767px) 89vw, (max-width: 1000px) 54vw, (max-width: 1071px) 543px, 580px\" \/><\/figure>\n<\/figure>\n","protected":false},"excerpt":{"rendered":"<p>Am 02. M\u00e4rz 2025 war es endlich so weit: Bei strahlendem Sonnenschein zogen rund 200 gut gelaunte Eltern, Sch\u00fcler und Lehrerinnen gemeinsam durch Brand \u2013 und machten den Karnevalszug zu &hellip; <\/p>\n<p class=\"link-more\"><a href=\"https:\/\/www.grundschule-brander-feld.de\/index.php\/2025\/03\/08\/mit-herz-und-pfote-fuer-unsere-umwelt\/\" class=\"more-link\"><span class=\"screen-reader-text\">\u201eMit Herz und Pfote f\u00fcr unsere Umwelt\u201c<\/span> weiterlesen<\/a><\/p>\n","protected":false},"author":6,"featured_media":0,"comment_status":"closed","ping_status":"closed","sticky":false,"template":"","format":"standard","meta":{"_EventAllDay":false,"_EventTimezone":"","_EventStartDate":"","_EventEndDate":"","_EventStartDateUTC":"","_EventEndDateUTC":"","_EventShowMap":false,"_EventShowMapLink":false,"_EventURL":"","_EventCost":"","_EventCostDescription":"","_EventCurrencySymbol":"","_EventCurrencyCode":"","_EventCurrencyPosition":"","_EventDateTimeSeparator":"","_EventTimeRangeSeparator":"","_EventOrganizerID":[],"_EventVenueID":[],"_OrganizerEmail":"","_OrganizerPhone":"","_OrganizerWebsite":"","_VenueAddress":"","_VenueCity":"","_VenueCountry":"","_VenueProvince":"","_VenueState":"","_VenueZip":"","_VenuePhone":"","_VenueURL":"","_VenueStateProvince":"","_VenueLat":"","_VenueLng":"","_VenueShowMap":false,"_VenueShowMapLink":false,"footnotes":""},"categories":[23,16],"tags":[],"class_list":["post-36467","post","type-post","status-publish","format-standard","hentry","category-2024-2025","category-schulleben"],"_links":{"self":[{"href":"https:\/\/www.grundschule-brander-feld.de\/index.php\/wp-json\/wp\/v2\/posts\/36467","targetHints":{"allow":["GET"]}}],"collection":[{"href":"https:\/\/www.grundschule-brander-feld.de\/index.php\/wp-json\/wp\/v2\/posts"}],"about":[{"href":"https:\/\/www.grundschule-brander-feld.de\/index.php\/wp-json\/wp\/v2\/types\/post"}],"author":[{"embeddable":true,"href":"https:\/\/www.grundschule-brander-feld.de\/index.php\/wp-json\/wp\/v2\/users\/6"}],"replies":[{"embeddable":true,"href":"https:\/\/www.grundschule-brander-feld.de\/index.php\/wp-json\/wp\/v2\/comments?post=36467"}],"version-history":[{"count":2,"href":"https:\/\/www.grundschule-brander-feld.de\/index.php\/wp-json\/wp\/v2\/posts\/36467\/revisions"}],"predecessor-version":[{"id":36469,"href":"https:\/\/www.grundschule-brander-feld.de\/index.php\/wp-json\/wp\/v2\/posts\/36467\/revisions\/36469"}],"wp:attachment":[{"href":"https:\/\/www.grundschule-brander-feld.de\/index.php\/wp-json\/wp\/v2\/media?parent=36467"}],"wp:term":[{"taxonomy":"category","embeddable":true,"href":"https:\/\/www.grundschule-brander-feld.de\/index.php\/wp-json\/wp\/v2\/categories?post=36467"},{"taxonomy":"post_tag","embeddable":true,"href":"https:\/\/www.grundschule-brander-feld.de\/index.php\/wp-json\/wp\/v2\/tags?post=36467"}],"curies":[{"name":"wp","href":"https:\/\/api.w.org\/{rel}","templated":true}]}}