{"id":36462,"date":"2025-03-23T10:12:33","date_gmt":"2025-03-23T09:12:33","guid":{"rendered":"https:\/\/www.grundschule-brander-feld.de\/?p=36462"},"modified":"2025-11-18T11:39:01","modified_gmt":"2025-11-18T10:39:01","slug":"jubilaeum-grundschule-brander-feld-und-jugend-und-begegnungshaus","status":"publish","type":"post","link":"https:\/\/www.grundschule-brander-feld.de\/index.php\/2025\/03\/23\/jubilaeum-grundschule-brander-feld-und-jugend-und-begegnungshaus\/","title":{"rendered":"Jubil\u00e4um Grundschule Brander Feld und jub am 09.05.2025"},"content":{"rendered":"\n<p><strong>25-j\u00e4hriges Jubil\u00e4um am 09.05.2025<\/strong>&nbsp;nach dem offiziellen Festakt von 13.00 \u2013 14.00 Uhr.<\/p>\n\n\n\n<p>Seit bald 25 Jahren bestehen die Grundschule und das Jugend- und Begegnungshaus (JuB) und pr\u00e4gen das Brander Feld auf lebendige Weise mit.<\/p>\n\n\n\n<p>Das Brander Feld ist ein Ort der Vielfalt, auf den wir stolz sind. Die Arbeit mit und f\u00fcr die Menschen im Viertel liegt uns seit jeher am Herzen und wird durch Eltern, Kinder, Jugendliche und ehrenamtliche Unterst\u00fctzer*innen erst m\u00f6glich.<\/p>\n\n\n\n<p>Wir finden, dies ist ein Grund mit ihnen und euch zu feiern!<\/p>\n\n\n\n<p>Daher m\u00f6chten wir nach dem offiziellen Festakt um 13.00 Uhr, herzlich zu unserem Jubil\u00e4umsfest<br><strong>am 09.05.2025 ab 14.00 Uhr<\/strong><br>auf dem Gel\u00e4nde der Grundschule und des JuB einladen.<\/p>\n\n\n\n<p>Es wird ein buntes Programm f\u00fcr alle G\u00e4ste angeboten.<\/p>\n\n\n\n<p>\u00dcber Ihr und euer Kommen freuen wir uns,<\/p>\n\n\n\n<p>F\u00fcr die Schule:<br>Anke Sch\u00fcrings, Konrektorin<br>F\u00fcr die OGS:<br>Andrea Mathey, OGS Koordinatorin<br>F\u00fcr das JuB:<br>Robert Gerick, Vorstandsvorsitzende des Tr\u00e4gervereins des JuB<br>Leon Eckervogt, Hausleitung JuB<\/p>\n","protected":false},"excerpt":{"rendered":"<p>25-j\u00e4hriges Jubil\u00e4um am 09.05.2025&nbsp;nach dem offiziellen Festakt von 13.00 \u2013 14.00 Uhr. Seit bald 25 Jahren bestehen die Grundschule und das Jugend- und Begegnungshaus (JuB) und pr\u00e4gen das Brander Feld &hellip; <\/p>\n<p class=\"link-more\"><a href=\"https:\/\/www.grundschule-brander-feld.de\/index.php\/2025\/03\/23\/jubilaeum-grundschule-brander-feld-und-jugend-und-begegnungshaus\/\" class=\"more-link\"><span class=\"screen-reader-text\">\u201eJubil\u00e4um Grundschule Brander Feld und jub am 09.05.2025\u201c<\/span> weiterlesen<\/a><\/p>\n","protected":false},"author":2,"featured_media":36464,"comment_status":"closed","ping_status":"closed","sticky":false,"template":"","format":"standard","meta":{"_EventAllDay":false,"_EventTimezone":"","_EventStartDate":"","_EventEndDate":"","_EventStartDateUTC":"","_EventEndDateUTC":"","_EventShowMap":false,"_EventShowMapLink":false,"_EventURL":"","_EventCost":"","_EventCostDescription":"","_EventCurrencySymbol":"","_EventCurrencyCode":"","_EventCurrencyPosition":"","_EventDateTimeSeparator":"","_EventTimeRangeSeparator":"","_EventOrganizerID":[],"_EventVenueID":[],"_OrganizerEmail":"","_OrganizerPhone":"","_OrganizerWebsite":"","_VenueAddress":"","_VenueCity":"","_VenueCountry":"","_VenueProvince":"","_VenueState":"","_VenueZip":"","_VenuePhone":"","_VenueURL":"","_VenueStateProvince":"","_VenueLat":"","_VenueLng":"","_VenueShowMap":false,"_VenueShowMapLink":false,"footnotes":""},"categories":[23,16],"tags":[],"class_list":["post-36462","post","type-post","status-publish","format-standard","has-post-thumbnail","hentry","category-2024-2025","category-schulleben"],"_links":{"self":[{"href":"https:\/\/www.grundschule-brander-feld.de\/index.php\/wp-json\/wp\/v2\/posts\/36462","targetHints":{"allow":["GET"]}}],"collection":[{"href":"https:\/\/www.grundschule-brander-feld.de\/index.php\/wp-json\/wp\/v2\/posts"}],"about":[{"href":"https:\/\/www.grundschule-brander-feld.de\/index.php\/wp-json\/wp\/v2\/types\/post"}],"author":[{"embeddable":true,"href":"https:\/\/www.grundschule-brander-feld.de\/index.php\/wp-json\/wp\/v2\/users\/2"}],"replies":[{"embeddable":true,"href":"https:\/\/www.grundschule-brander-feld.de\/index.php\/wp-json\/wp\/v2\/comments?post=36462"}],"version-history":[{"count":4,"href":"https:\/\/www.grundschule-brander-feld.de\/index.php\/wp-json\/wp\/v2\/posts\/36462\/revisions"}],"predecessor-version":[{"id":36483,"href":"https:\/\/www.grundschule-brander-feld.de\/index.php\/wp-json\/wp\/v2\/posts\/36462\/revisions\/36483"}],"wp:featuredmedia":[{"embeddable":true,"href":"https:\/\/www.grundschule-brander-feld.de\/index.php\/wp-json\/wp\/v2\/media\/36464"}],"wp:attachment":[{"href":"https:\/\/www.grundschule-brander-feld.de\/index.php\/wp-json\/wp\/v2\/media?parent=36462"}],"wp:term":[{"taxonomy":"category","embeddable":true,"href":"https:\/\/www.grundschule-brander-feld.de\/index.php\/wp-json\/wp\/v2\/categories?post=36462"},{"taxonomy":"post_tag","embeddable":true,"href":"https:\/\/www.grundschule-brander-feld.de\/index.php\/wp-json\/wp\/v2\/tags?post=36462"}],"curies":[{"name":"wp","href":"https:\/\/api.w.org\/{rel}","templated":true}]}}