{"id":1883,"date":"2024-10-24T13:14:08","date_gmt":"2024-10-24T11:14:08","guid":{"rendered":"https:\/\/www.grundschule-brander-feld.de\/?p=1883"},"modified":"2025-03-29T14:35:07","modified_gmt":"2025-03-29T13:35:07","slug":"zertifikat-schulhund","status":"publish","type":"post","link":"https:\/\/www.grundschule-brander-feld.de\/index.php\/2024\/10\/24\/zertifikat-schulhund\/","title":{"rendered":"Unser Schulhund ist jetzt da!"},"content":{"rendered":"\n<p>Gro\u00dfe Freude an unserer Schule: Unser Schulhund (Skoda) hat gemeinsam mit Herrn Grundhoff seine Ausbildung erfolgreich abgeschlossen! Ab jetzt begleitet er den Unterricht und sorgt f\u00fcr eine entspannte, fr\u00f6hliche Atmosph\u00e4re.<\/p>\n\n\n\n<p>Die Kinder profitieren auf vielf\u00e4ltige Weise: <strong>mehr Ruhe, mehr Motivation und ein st\u00e4rkeres Gemeinschaftsgef\u00fchl<\/strong>. Besonders toll ist, wie er \u00c4ngste nimmt und f\u00fcr gute Laune sorgt. Wir freuen uns, dass er nun offiziell als Schulhund im Einsatz ist!<\/p>\n\n\n\n<div data-wp-interactive=\"core\/file\" class=\"wp-block-file\"><object data-wp-bind--hidden=\"!state.hasPdfPreview\" hidden class=\"wp-block-file__embed\" data=\"https:\/\/www.grundschule-brander-feld.de\/wp-content\/uploads\/2024\/10\/Zertifikat-1.pdf\" type=\"application\/pdf\" style=\"width:100%;height:600px\" aria-label=\"Einbettung von Zertifikat-1.\"><\/object><a id=\"wp-block-file--media-87b3f228-3243-4100-b55d-a72879466c32\" href=\"https:\/\/www.grundschule-brander-feld.de\/wp-content\/uploads\/2024\/10\/Zertifikat-1.pdf\">Zertifikat-1<\/a><a href=\"https:\/\/www.grundschule-brander-feld.de\/wp-content\/uploads\/2024\/10\/Zertifikat-1.pdf\" class=\"wp-block-file__button wp-element-button\" download aria-describedby=\"wp-block-file--media-87b3f228-3243-4100-b55d-a72879466c32\">Herunterladen<\/a><\/div>\n","protected":false},"excerpt":{"rendered":"<p>Gro\u00dfe Freude an unserer Schule: Unser Schulhund (Skoda) hat gemeinsam mit Herrn Grundhoff seine Ausbildung erfolgreich abgeschlossen! Ab jetzt begleitet er den Unterricht und sorgt f\u00fcr eine entspannte, fr\u00f6hliche Atmosph\u00e4re. &hellip; <\/p>\n<p class=\"link-more\"><a href=\"https:\/\/www.grundschule-brander-feld.de\/index.php\/2024\/10\/24\/zertifikat-schulhund\/\" class=\"more-link\"><span class=\"screen-reader-text\">\u201eUnser Schulhund ist jetzt da!\u201c<\/span> weiterlesen<\/a><\/p>\n","protected":false},"author":6,"featured_media":0,"comment_status":"closed","ping_status":"closed","sticky":false,"template":"","format":"standard","meta":{"_EventAllDay":false,"_EventTimezone":"","_EventStartDate":"","_EventEndDate":"","_EventStartDateUTC":"","_EventEndDateUTC":"","_EventShowMap":false,"_EventShowMapLink":false,"_EventURL":"","_EventCost":"","_EventCostDescription":"","_EventCurrencySymbol":"","_EventCurrencyCode":"","_EventCurrencyPosition":"","_EventDateTimeSeparator":"","_EventTimeRangeSeparator":"","_EventOrganizerID":[],"_EventVenueID":[],"_OrganizerEmail":"","_OrganizerPhone":"","_OrganizerWebsite":"","_VenueAddress":"","_VenueCity":"","_VenueCountry":"","_VenueProvince":"","_VenueState":"","_VenueZip":"","_VenuePhone":"","_VenueURL":"","_VenueStateProvince":"","_VenueLat":"","_VenueLng":"","_VenueShowMap":false,"_VenueShowMapLink":false,"footnotes":""},"categories":[23],"tags":[],"class_list":["post-1883","post","type-post","status-publish","format-standard","hentry","category-2024-2025"],"_links":{"self":[{"href":"https:\/\/www.grundschule-brander-feld.de\/index.php\/wp-json\/wp\/v2\/posts\/1883","targetHints":{"allow":["GET"]}}],"collection":[{"href":"https:\/\/www.grundschule-brander-feld.de\/index.php\/wp-json\/wp\/v2\/posts"}],"about":[{"href":"https:\/\/www.grundschule-brander-feld.de\/index.php\/wp-json\/wp\/v2\/types\/post"}],"author":[{"embeddable":true,"href":"https:\/\/www.grundschule-brander-feld.de\/index.php\/wp-json\/wp\/v2\/users\/6"}],"replies":[{"embeddable":true,"href":"https:\/\/www.grundschule-brander-feld.de\/index.php\/wp-json\/wp\/v2\/comments?post=1883"}],"version-history":[{"count":3,"href":"https:\/\/www.grundschule-brander-feld.de\/index.php\/wp-json\/wp\/v2\/posts\/1883\/revisions"}],"predecessor-version":[{"id":36490,"href":"https:\/\/www.grundschule-brander-feld.de\/index.php\/wp-json\/wp\/v2\/posts\/1883\/revisions\/36490"}],"wp:attachment":[{"href":"https:\/\/www.grundschule-brander-feld.de\/index.php\/wp-json\/wp\/v2\/media?parent=1883"}],"wp:term":[{"taxonomy":"category","embeddable":true,"href":"https:\/\/www.grundschule-brander-feld.de\/index.php\/wp-json\/wp\/v2\/categories?post=1883"},{"taxonomy":"post_tag","embeddable":true,"href":"https:\/\/www.grundschule-brander-feld.de\/index.php\/wp-json\/wp\/v2\/tags?post=1883"}],"curies":[{"name":"wp","href":"https:\/\/api.w.org\/{rel}","templated":true}]}}