{"id":1835,"date":"2024-08-28T18:17:56","date_gmt":"2024-08-28T16:17:56","guid":{"rendered":"https:\/\/www.grundschule-brander-feld.de\/?p=1835"},"modified":"2024-08-28T18:23:56","modified_gmt":"2024-08-28T16:23:56","slug":"einschulungsfeier-2024","status":"publish","type":"post","link":"https:\/\/www.grundschule-brander-feld.de\/index.php\/2024\/08\/28\/einschulungsfeier-2024\/","title":{"rendered":"Einschulungsfeier 2024"},"content":{"rendered":"\n<p>An der GGS Brander Feld fand die Einschulungsfeier f\u00fcr die neuen Erstkl\u00e4ssler statt. Die Schulleitung begr\u00fc\u00dfte die Kinder herzlich und w\u00fcnschte ihnen einen guten Start in ihre Schulzeit. F\u00fcr eine besonders sch\u00f6ne Atmosph\u00e4re sorgte die Patenklasse, die mehrere Lieder vortrug. Ein Highlight war das Theaterst\u00fcck &#8222;Der L\u00f6we, der nicht schreiben konnte,&#8220; das f\u00fcr viel Freude und Lachen sorgte. Nach der Feier durften die Kinder ihre erste Schulstunde erleben und ihre neuen Klassenr\u00e4ume erkunden.<\/p>\n\n\n\n<figure class=\"wp-block-image size-large\"><img loading=\"lazy\" decoding=\"async\" width=\"1024\" height=\"478\" src=\"https:\/\/www.grundschule-brander-feld.de\/wp-content\/uploads\/2024\/08\/WhatsApp-Image-2024-08-22-at-12.38.14-1-1024x478.jpeg\" alt=\"\" class=\"wp-image-1846\" srcset=\"https:\/\/www.grundschule-brander-feld.de\/wp-content\/uploads\/2024\/08\/WhatsApp-Image-2024-08-22-at-12.38.14-1-1024x478.jpeg 1024w, https:\/\/www.grundschule-brander-feld.de\/wp-content\/uploads\/2024\/08\/WhatsApp-Image-2024-08-22-at-12.38.14-1-300x140.jpeg 300w, https:\/\/www.grundschule-brander-feld.de\/wp-content\/uploads\/2024\/08\/WhatsApp-Image-2024-08-22-at-12.38.14-1-768x359.jpeg 768w, https:\/\/www.grundschule-brander-feld.de\/wp-content\/uploads\/2024\/08\/WhatsApp-Image-2024-08-22-at-12.38.14-1-1536x717.jpeg 1536w, https:\/\/www.grundschule-brander-feld.de\/wp-content\/uploads\/2024\/08\/WhatsApp-Image-2024-08-22-at-12.38.14-1.jpeg 2000w\" sizes=\"auto, (max-width: 767px) 89vw, (max-width: 1000px) 54vw, (max-width: 1071px) 543px, 580px\" \/><\/figure>\n\n\n\n<figure class=\"wp-block-image size-large\"><img loading=\"lazy\" decoding=\"async\" width=\"1024\" height=\"478\" src=\"https:\/\/www.grundschule-brander-feld.de\/wp-content\/uploads\/2024\/08\/WhatsApp-Image-2024-08-22-at-12.38.15-2-1024x478.jpeg\" alt=\"\" class=\"wp-image-1845\" srcset=\"https:\/\/www.grundschule-brander-feld.de\/wp-content\/uploads\/2024\/08\/WhatsApp-Image-2024-08-22-at-12.38.15-2-1024x478.jpeg 1024w, https:\/\/www.grundschule-brander-feld.de\/wp-content\/uploads\/2024\/08\/WhatsApp-Image-2024-08-22-at-12.38.15-2-300x140.jpeg 300w, https:\/\/www.grundschule-brander-feld.de\/wp-content\/uploads\/2024\/08\/WhatsApp-Image-2024-08-22-at-12.38.15-2-768x359.jpeg 768w, https:\/\/www.grundschule-brander-feld.de\/wp-content\/uploads\/2024\/08\/WhatsApp-Image-2024-08-22-at-12.38.15-2-1536x717.jpeg 1536w, https:\/\/www.grundschule-brander-feld.de\/wp-content\/uploads\/2024\/08\/WhatsApp-Image-2024-08-22-at-12.38.15-2.jpeg 2000w\" sizes=\"auto, (max-width: 767px) 89vw, (max-width: 1000px) 54vw, (max-width: 1071px) 543px, 580px\" \/><\/figure>\n\n\n\n<figure class=\"wp-block-image size-large\"><img loading=\"lazy\" decoding=\"async\" width=\"1024\" height=\"478\" src=\"https:\/\/www.grundschule-brander-feld.de\/wp-content\/uploads\/2024\/08\/WhatsApp-Image-2024-08-22-at-12.38.17-1-1024x478.jpeg\" alt=\"\" class=\"wp-image-1844\" srcset=\"https:\/\/www.grundschule-brander-feld.de\/wp-content\/uploads\/2024\/08\/WhatsApp-Image-2024-08-22-at-12.38.17-1-1024x478.jpeg 1024w, https:\/\/www.grundschule-brander-feld.de\/wp-content\/uploads\/2024\/08\/WhatsApp-Image-2024-08-22-at-12.38.17-1-300x140.jpeg 300w, https:\/\/www.grundschule-brander-feld.de\/wp-content\/uploads\/2024\/08\/WhatsApp-Image-2024-08-22-at-12.38.17-1-768x359.jpeg 768w, https:\/\/www.grundschule-brander-feld.de\/wp-content\/uploads\/2024\/08\/WhatsApp-Image-2024-08-22-at-12.38.17-1-1536x717.jpeg 1536w, https:\/\/www.grundschule-brander-feld.de\/wp-content\/uploads\/2024\/08\/WhatsApp-Image-2024-08-22-at-12.38.17-1.jpeg 2000w\" sizes=\"auto, (max-width: 767px) 89vw, (max-width: 1000px) 54vw, (max-width: 1071px) 543px, 580px\" \/><\/figure>\n","protected":false},"excerpt":{"rendered":"<p>An der GGS Brander Feld fand die Einschulungsfeier f\u00fcr die neuen Erstkl\u00e4ssler statt. Die Schulleitung begr\u00fc\u00dfte die Kinder herzlich und w\u00fcnschte ihnen einen guten Start in ihre Schulzeit. F\u00fcr eine &hellip; <\/p>\n<p class=\"link-more\"><a href=\"https:\/\/www.grundschule-brander-feld.de\/index.php\/2024\/08\/28\/einschulungsfeier-2024\/\" class=\"more-link\"><span class=\"screen-reader-text\">\u201eEinschulungsfeier 2024\u201c<\/span> weiterlesen<\/a><\/p>\n","protected":false},"author":6,"featured_media":0,"comment_status":"closed","ping_status":"closed","sticky":false,"template":"","format":"standard","meta":{"_EventAllDay":false,"_EventTimezone":"","_EventStartDate":"","_EventEndDate":"","_EventStartDateUTC":"","_EventEndDateUTC":"","_EventShowMap":false,"_EventShowMapLink":false,"_EventURL":"","_EventCost":"","_EventCostDescription":"","_EventCurrencySymbol":"","_EventCurrencyCode":"","_EventCurrencyPosition":"","_EventDateTimeSeparator":"","_EventTimeRangeSeparator":"","_EventOrganizerID":[],"_EventVenueID":[],"_OrganizerEmail":"","_OrganizerPhone":"","_OrganizerWebsite":"","_VenueAddress":"","_VenueCity":"","_VenueCountry":"","_VenueProvince":"","_VenueState":"","_VenueZip":"","_VenuePhone":"","_VenueURL":"","_VenueStateProvince":"","_VenueLat":"","_VenueLng":"","_VenueShowMap":false,"_VenueShowMapLink":false,"footnotes":""},"categories":[23],"tags":[],"class_list":["post-1835","post","type-post","status-publish","format-standard","hentry","category-2024-2025"],"_links":{"self":[{"href":"https:\/\/www.grundschule-brander-feld.de\/index.php\/wp-json\/wp\/v2\/posts\/1835","targetHints":{"allow":["GET"]}}],"collection":[{"href":"https:\/\/www.grundschule-brander-feld.de\/index.php\/wp-json\/wp\/v2\/posts"}],"about":[{"href":"https:\/\/www.grundschule-brander-feld.de\/index.php\/wp-json\/wp\/v2\/types\/post"}],"author":[{"embeddable":true,"href":"https:\/\/www.grundschule-brander-feld.de\/index.php\/wp-json\/wp\/v2\/users\/6"}],"replies":[{"embeddable":true,"href":"https:\/\/www.grundschule-brander-feld.de\/index.php\/wp-json\/wp\/v2\/comments?post=1835"}],"version-history":[{"count":2,"href":"https:\/\/www.grundschule-brander-feld.de\/index.php\/wp-json\/wp\/v2\/posts\/1835\/revisions"}],"predecessor-version":[{"id":1847,"href":"https:\/\/www.grundschule-brander-feld.de\/index.php\/wp-json\/wp\/v2\/posts\/1835\/revisions\/1847"}],"wp:attachment":[{"href":"https:\/\/www.grundschule-brander-feld.de\/index.php\/wp-json\/wp\/v2\/media?parent=1835"}],"wp:term":[{"taxonomy":"category","embeddable":true,"href":"https:\/\/www.grundschule-brander-feld.de\/index.php\/wp-json\/wp\/v2\/categories?post=1835"},{"taxonomy":"post_tag","embeddable":true,"href":"https:\/\/www.grundschule-brander-feld.de\/index.php\/wp-json\/wp\/v2\/tags?post=1835"}],"curies":[{"name":"wp","href":"https:\/\/api.w.org\/{rel}","templated":true}]}}