{"id":1662,"date":"2023-06-19T16:48:29","date_gmt":"2023-06-19T14:48:29","guid":{"rendered":"https:\/\/www.grundschule-brander-feld.de\/?p=1662"},"modified":"2023-08-02T10:30:54","modified_gmt":"2023-08-02T08:30:54","slug":"flohmarkt-aktion","status":"publish","type":"post","link":"https:\/\/www.grundschule-brander-feld.de\/index.php\/2023\/06\/19\/flohmarkt-aktion\/","title":{"rendered":"Flohmarkt Aktion"},"content":{"rendered":"\n<p>Unser diesj\u00e4hriger Flohmarkt auf dem Schulhof war ein voller Erfolg! Gro\u00df und Klein hatten eine gro\u00dfartige Zeit. Die Besucherinnen und Besucher konnten zahlreiche Sch\u00e4tze entdecken und sich \u00fcber gelungene Schn\u00e4ppchen freuen. Die Verk\u00e4uferinnen und Verk\u00e4ufer waren begeistert, ihre alten Dinge loszuwerden und anderen eine Freude zu bereiten. Es gab eine vielf\u00e4ltige Auswahl an B\u00fcchern, Spielzeug und Kleidung.<\/p>\n\n\n\n<p>Besonders f\u00fcr die Kinder gab es spannende Aktivit\u00e4ten. Unsere engagierten Eltern und Lehrerinnen verwandelten sich in K\u00fcnstlerinnen und zauberten mit ihren Schminkk\u00fcnsten begeisterte Strahle-Gesichter auf die kleinen Besucherinnen und Besucher. Und als besonderes Highlight trat Matzi, der Zauberer, auf die B\u00fchne. Mit seinen faszinierenden Tricks begeisterte er Kinder und Erwachsene gleicherma\u00dfen.<\/p>\n\n\n\n<p>Ein herzliches Dankesch\u00f6n geht an alle, die zu diesem gelungenen Flohmarkt beigetragen haben. Ohne das Engagement unserer Eltern, Lehrerinnen und Lehrer sowie der Unterst\u00fctzung unseres F\u00f6rdervereins w\u00e4re dieses Ereignis nicht m\u00f6glich gewesen.<\/p>\n\n\n\n<p>Wir freuen uns bereits auf den n\u00e4chsten Flohmarkt und darauf, dass wir auch in Zukunft solche Veranstaltungen gemeinsam gestalten k\u00f6nnen.<\/p>\n\n\n\n<figure class=\"wp-block-gallery has-nested-images columns-default is-cropped wp-block-gallery-1 is-layout-flex wp-block-gallery-is-layout-flex\">\n<figure class=\"wp-block-image size-large\"><img loading=\"lazy\" decoding=\"async\" width=\"768\" height=\"1024\" data-id=\"1667\" src=\"https:\/\/www.grundschule-brander-feld.de\/wp-content\/uploads\/2023\/08\/WhatsApp-Image-2023-06-06-at-13.15.431-1.jpeg\" alt=\"\" class=\"wp-image-1667\" srcset=\"https:\/\/www.grundschule-brander-feld.de\/wp-content\/uploads\/2023\/08\/WhatsApp-Image-2023-06-06-at-13.15.431-1.jpeg 768w, https:\/\/www.grundschule-brander-feld.de\/wp-content\/uploads\/2023\/08\/WhatsApp-Image-2023-06-06-at-13.15.431-1-225x300.jpeg 225w\" sizes=\"auto, (max-width: 767px) 89vw, (max-width: 1000px) 54vw, (max-width: 1071px) 543px, 580px\" \/><\/figure>\n\n\n\n<figure class=\"wp-block-image size-large\"><img loading=\"lazy\" decoding=\"async\" width=\"768\" height=\"1024\" data-id=\"1665\" src=\"https:\/\/www.grundschule-brander-feld.de\/wp-content\/uploads\/2023\/08\/WhatsApp-Image-2023-06-06-at-13.15.44.jpeg\" alt=\"\" class=\"wp-image-1665\" srcset=\"https:\/\/www.grundschule-brander-feld.de\/wp-content\/uploads\/2023\/08\/WhatsApp-Image-2023-06-06-at-13.15.44.jpeg 768w, https:\/\/www.grundschule-brander-feld.de\/wp-content\/uploads\/2023\/08\/WhatsApp-Image-2023-06-06-at-13.15.44-225x300.jpeg 225w\" sizes=\"auto, (max-width: 767px) 89vw, (max-width: 1000px) 54vw, (max-width: 1071px) 543px, 580px\" \/><\/figure>\n\n\n\n<figure class=\"wp-block-image size-large\"><img loading=\"lazy\" decoding=\"async\" width=\"768\" height=\"1024\" data-id=\"1664\" src=\"https:\/\/www.grundschule-brander-feld.de\/wp-content\/uploads\/2023\/08\/WhatsApp-Image-2023-06-06-at-13.15.43.jpeg\" alt=\"\" class=\"wp-image-1664\" srcset=\"https:\/\/www.grundschule-brander-feld.de\/wp-content\/uploads\/2023\/08\/WhatsApp-Image-2023-06-06-at-13.15.43.jpeg 768w, https:\/\/www.grundschule-brander-feld.de\/wp-content\/uploads\/2023\/08\/WhatsApp-Image-2023-06-06-at-13.15.43-225x300.jpeg 225w\" sizes=\"auto, (max-width: 767px) 89vw, (max-width: 1000px) 54vw, (max-width: 1071px) 543px, 580px\" \/><\/figure>\n<\/figure>\n","protected":false},"excerpt":{"rendered":"<p>Unser diesj\u00e4hriger Flohmarkt auf dem Schulhof war ein voller Erfolg! Gro\u00df und Klein hatten eine gro\u00dfartige Zeit. Die Besucherinnen und Besucher konnten zahlreiche Sch\u00e4tze entdecken und sich \u00fcber gelungene Schn\u00e4ppchen &hellip; <\/p>\n<p class=\"link-more\"><a href=\"https:\/\/www.grundschule-brander-feld.de\/index.php\/2023\/06\/19\/flohmarkt-aktion\/\" class=\"more-link\"><span class=\"screen-reader-text\">\u201eFlohmarkt Aktion\u201c<\/span> weiterlesen<\/a><\/p>\n","protected":false},"author":6,"featured_media":0,"comment_status":"closed","ping_status":"closed","sticky":false,"template":"","format":"standard","meta":{"_EventAllDay":false,"_EventTimezone":"","_EventStartDate":"","_EventEndDate":"","_EventStartDateUTC":"","_EventEndDateUTC":"","_EventShowMap":false,"_EventShowMapLink":false,"_EventURL":"","_EventCost":"","_EventCostDescription":"","_EventCurrencySymbol":"","_EventCurrencyCode":"","_EventCurrencyPosition":"","_EventDateTimeSeparator":"","_EventTimeRangeSeparator":"","_EventOrganizerID":[],"_EventVenueID":[],"_OrganizerEmail":"","_OrganizerPhone":"","_OrganizerWebsite":"","_VenueAddress":"","_VenueCity":"","_VenueCountry":"","_VenueProvince":"","_VenueState":"","_VenueZip":"","_VenuePhone":"","_VenueURL":"","_VenueStateProvince":"","_VenueLat":"","_VenueLng":"","_VenueShowMap":false,"_VenueShowMapLink":false,"footnotes":""},"categories":[19,16],"tags":[],"class_list":["post-1662","post","type-post","status-publish","format-standard","hentry","category-2022-2023","category-schulleben"],"_links":{"self":[{"href":"https:\/\/www.grundschule-brander-feld.de\/index.php\/wp-json\/wp\/v2\/posts\/1662","targetHints":{"allow":["GET"]}}],"collection":[{"href":"https:\/\/www.grundschule-brander-feld.de\/index.php\/wp-json\/wp\/v2\/posts"}],"about":[{"href":"https:\/\/www.grundschule-brander-feld.de\/index.php\/wp-json\/wp\/v2\/types\/post"}],"author":[{"embeddable":true,"href":"https:\/\/www.grundschule-brander-feld.de\/index.php\/wp-json\/wp\/v2\/users\/6"}],"replies":[{"embeddable":true,"href":"https:\/\/www.grundschule-brander-feld.de\/index.php\/wp-json\/wp\/v2\/comments?post=1662"}],"version-history":[{"count":2,"href":"https:\/\/www.grundschule-brander-feld.de\/index.php\/wp-json\/wp\/v2\/posts\/1662\/revisions"}],"predecessor-version":[{"id":1668,"href":"https:\/\/www.grundschule-brander-feld.de\/index.php\/wp-json\/wp\/v2\/posts\/1662\/revisions\/1668"}],"wp:attachment":[{"href":"https:\/\/www.grundschule-brander-feld.de\/index.php\/wp-json\/wp\/v2\/media?parent=1662"}],"wp:term":[{"taxonomy":"category","embeddable":true,"href":"https:\/\/www.grundschule-brander-feld.de\/index.php\/wp-json\/wp\/v2\/categories?post=1662"},{"taxonomy":"post_tag","embeddable":true,"href":"https:\/\/www.grundschule-brander-feld.de\/index.php\/wp-json\/wp\/v2\/tags?post=1662"}],"curies":[{"name":"wp","href":"https:\/\/api.w.org\/{rel}","templated":true}]}}