{"id":1589,"date":"2022-11-22T11:12:00","date_gmt":"2022-11-22T10:12:00","guid":{"rendered":"https:\/\/www.grundschule-brander-feld.de\/?p=1589"},"modified":"2023-02-11T11:18:55","modified_gmt":"2023-02-11T10:18:55","slug":"kinderparlament-im-kroenungssaal","status":"publish","type":"post","link":"https:\/\/www.grundschule-brander-feld.de\/index.php\/2022\/11\/22\/kinderparlament-im-kroenungssaal\/","title":{"rendered":"Kinderparlament im Kr\u00f6nungssaal"},"content":{"rendered":"\n<p>Sch\u00fclerinnen und Sch\u00fcler von Aachener Grundschulen pr\u00e4sentierten beim diesj\u00e4hrigen Kinderparlament, wie sie Aachen zugunsten der Nachthaltigkeit &#8222;auf den Kopf stellen&#8220; w\u00fcrden, wenn sie das Oberhaupt der Stadt w\u00e4ren. Moderator der Kinder war Florian aus der 2b.<\/p>\n\n\n\n<p><\/p>\n\n\n\n<figure class=\"wp-block-gallery has-nested-images columns-default is-cropped wp-block-gallery-1 is-layout-flex wp-block-gallery-is-layout-flex\">\n<figure class=\"wp-block-image size-large\"><img loading=\"lazy\" decoding=\"async\" width=\"1024\" height=\"768\" data-id=\"1590\" src=\"https:\/\/www.grundschule-brander-feld.de\/wp-content\/uploads\/2023\/02\/Kinderparlament-1.jpeg\" alt=\"\" class=\"wp-image-1590\" srcset=\"https:\/\/www.grundschule-brander-feld.de\/wp-content\/uploads\/2023\/02\/Kinderparlament-1.jpeg 1024w, https:\/\/www.grundschule-brander-feld.de\/wp-content\/uploads\/2023\/02\/Kinderparlament-1-300x225.jpeg 300w, https:\/\/www.grundschule-brander-feld.de\/wp-content\/uploads\/2023\/02\/Kinderparlament-1-768x576.jpeg 768w\" sizes=\"auto, (max-width: 767px) 89vw, (max-width: 1000px) 54vw, (max-width: 1071px) 543px, 580px\" \/><\/figure>\n\n\n\n<figure class=\"wp-block-image size-large\"><img loading=\"lazy\" decoding=\"async\" width=\"892\" height=\"768\" data-id=\"1592\" src=\"https:\/\/www.grundschule-brander-feld.de\/wp-content\/uploads\/2023\/02\/Kinderparlament-2.jpeg\" alt=\"\" class=\"wp-image-1592\" srcset=\"https:\/\/www.grundschule-brander-feld.de\/wp-content\/uploads\/2023\/02\/Kinderparlament-2.jpeg 892w, https:\/\/www.grundschule-brander-feld.de\/wp-content\/uploads\/2023\/02\/Kinderparlament-2-300x258.jpeg 300w, https:\/\/www.grundschule-brander-feld.de\/wp-content\/uploads\/2023\/02\/Kinderparlament-2-768x661.jpeg 768w\" sizes=\"auto, (max-width: 767px) 89vw, (max-width: 1000px) 54vw, (max-width: 1071px) 543px, 580px\" \/><\/figure>\n\n\n\n<figure class=\"wp-block-image size-large\"><img loading=\"lazy\" decoding=\"async\" width=\"950\" height=\"526\" data-id=\"1591\" src=\"https:\/\/www.grundschule-brander-feld.de\/wp-content\/uploads\/2023\/02\/Kinderparlement-3.jpg\" alt=\"\" class=\"wp-image-1591\" srcset=\"https:\/\/www.grundschule-brander-feld.de\/wp-content\/uploads\/2023\/02\/Kinderparlement-3.jpg 950w, https:\/\/www.grundschule-brander-feld.de\/wp-content\/uploads\/2023\/02\/Kinderparlement-3-300x166.jpg 300w, https:\/\/www.grundschule-brander-feld.de\/wp-content\/uploads\/2023\/02\/Kinderparlement-3-768x425.jpg 768w\" sizes=\"auto, (max-width: 767px) 89vw, (max-width: 1000px) 54vw, (max-width: 1071px) 543px, 580px\" \/><figcaption class=\"wp-element-caption\"><br><a rel=\"noreferrer noopener\" href=\"http:\/\/Bildquelle Aachener Zeitung\" target=\"_blank\">Bildquelle Aachener Zeitung<\/a><\/figcaption><\/figure>\n<figcaption class=\"blocks-gallery-caption wp-element-caption\"><a href=\"https:\/\/www.aachener-zeitung.de\/lokales\/aachen\/wenn-kinder-lokalpolitik-machen-wuerden_aid-80277839\" target=\"_blank\" rel=\"noreferrer noopener\">https:\/\/www.aachener-zeitung.de\/lokales\/aachen\/wenn-kinder-lokalpolitik-machen-wuerden_aid-80277839<\/a><\/figcaption><\/figure>\n","protected":false},"excerpt":{"rendered":"<p>Sch\u00fclerinnen und Sch\u00fcler von Aachener Grundschulen pr\u00e4sentierten beim diesj\u00e4hrigen Kinderparlament, wie sie Aachen zugunsten der Nachthaltigkeit &#8222;auf den Kopf stellen&#8220; w\u00fcrden, wenn sie das Oberhaupt der Stadt w\u00e4ren. Moderator der &hellip; <\/p>\n<p class=\"link-more\"><a href=\"https:\/\/www.grundschule-brander-feld.de\/index.php\/2022\/11\/22\/kinderparlament-im-kroenungssaal\/\" class=\"more-link\"><span class=\"screen-reader-text\">\u201eKinderparlament im Kr\u00f6nungssaal\u201c<\/span> weiterlesen<\/a><\/p>\n","protected":false},"author":2,"featured_media":0,"comment_status":"closed","ping_status":"closed","sticky":false,"template":"","format":"standard","meta":{"_EventAllDay":false,"_EventTimezone":"","_EventStartDate":"","_EventEndDate":"","_EventStartDateUTC":"","_EventEndDateUTC":"","_EventShowMap":false,"_EventShowMapLink":false,"_EventURL":"","_EventCost":"","_EventCostDescription":"","_EventCurrencySymbol":"","_EventCurrencyCode":"","_EventCurrencyPosition":"","_EventDateTimeSeparator":"","_EventTimeRangeSeparator":"","_EventOrganizerID":[],"_EventVenueID":[],"_OrganizerEmail":"","_OrganizerPhone":"","_OrganizerWebsite":"","_VenueAddress":"","_VenueCity":"","_VenueCountry":"","_VenueProvince":"","_VenueState":"","_VenueZip":"","_VenuePhone":"","_VenueURL":"","_VenueStateProvince":"","_VenueLat":"","_VenueLng":"","_VenueShowMap":false,"_VenueShowMapLink":false,"footnotes":""},"categories":[19,16],"tags":[],"class_list":["post-1589","post","type-post","status-publish","format-standard","hentry","category-2022-2023","category-schulleben"],"_links":{"self":[{"href":"https:\/\/www.grundschule-brander-feld.de\/index.php\/wp-json\/wp\/v2\/posts\/1589","targetHints":{"allow":["GET"]}}],"collection":[{"href":"https:\/\/www.grundschule-brander-feld.de\/index.php\/wp-json\/wp\/v2\/posts"}],"about":[{"href":"https:\/\/www.grundschule-brander-feld.de\/index.php\/wp-json\/wp\/v2\/types\/post"}],"author":[{"embeddable":true,"href":"https:\/\/www.grundschule-brander-feld.de\/index.php\/wp-json\/wp\/v2\/users\/2"}],"replies":[{"embeddable":true,"href":"https:\/\/www.grundschule-brander-feld.de\/index.php\/wp-json\/wp\/v2\/comments?post=1589"}],"version-history":[{"count":5,"href":"https:\/\/www.grundschule-brander-feld.de\/index.php\/wp-json\/wp\/v2\/posts\/1589\/revisions"}],"predecessor-version":[{"id":1599,"href":"https:\/\/www.grundschule-brander-feld.de\/index.php\/wp-json\/wp\/v2\/posts\/1589\/revisions\/1599"}],"wp:attachment":[{"href":"https:\/\/www.grundschule-brander-feld.de\/index.php\/wp-json\/wp\/v2\/media?parent=1589"}],"wp:term":[{"taxonomy":"category","embeddable":true,"href":"https:\/\/www.grundschule-brander-feld.de\/index.php\/wp-json\/wp\/v2\/categories?post=1589"},{"taxonomy":"post_tag","embeddable":true,"href":"https:\/\/www.grundschule-brander-feld.de\/index.php\/wp-json\/wp\/v2\/tags?post=1589"}],"curies":[{"name":"wp","href":"https:\/\/api.w.org\/{rel}","templated":true}]}}