{"id":1417,"date":"2022-02-23T12:02:00","date_gmt":"2022-02-23T11:02:00","guid":{"rendered":"http:\/\/www.grundschule-brander-feld.de\/?p=1417"},"modified":"2022-02-26T12:03:24","modified_gmt":"2022-02-26T11:03:24","slug":"karnevalsfahrplan-2022","status":"publish","type":"post","link":"https:\/\/www.grundschule-brander-feld.de\/index.php\/2022\/02\/23\/karnevalsfahrplan-2022\/","title":{"rendered":"Karnevalsfahrplan 2022"},"content":{"rendered":"\n<p>Liebe Eltern,<\/p>\n\n\n\n<p><strong>wir feiern in diesem Jahr mit den Kindern am Fettdonnerstag (24.02.22) in der Schule Karneval! <\/strong><\/p>\n\n\n\n<p>Hierzu kommen alle Kinder wie gewohnt individuell kost\u00fcmiert, ohne Schultasche, mit Fr\u00fchst\u00fcck in die Schule. Die Feiern finden bis 11.00 Uhr in den Klassen statt. Das Buffet (mit einzeln abgepackten Leckereien) wird von der Klassenlehrerin in Absprache mit den Eltern organisiert. Wir bitten darum, Munition jeglicher Art und Konfetti zu Hause zu lassen!<\/p>\n\n\n\n<p><strong>Auch wenn Eltern in diesem Jahr leider nicht teilnehmen k\u00f6nnen, m\u00f6chten wir (bei hoffentlich gutem Wetter) auf eine kleine Feier mit allen Kindern und der OGS ab 11.00 Uhr<\/strong>&nbsp;nicht verzichten. Bei Regenwetter treffen wir uns klassenweise in der Halle. Unsere Karnevalsfeier endet um 11.30 Uhr, OGS und Betreuung finden statt, Ende der OGS-Zeit ist an diesem Tag um 14.00 Uhr.Wir freuen uns auf einen sch\u00f6nen Karnevalseinstieg!<\/p>\n\n\n\n<p><strong>Am Freitag, 25.02.22 ist unterrichtsfrei, OGS und \u00dcMI finden nicht statt. Am Rosenmontag, 28.02.22<\/strong>&nbsp;ist ebenfalls&nbsp;<strong>unterrichtsfrei,<\/strong>&nbsp;die&nbsp;<strong>OGS<\/strong>&nbsp;ist geschlossen.<strong><br>Am Dienstag, 01.03.22<\/strong>&nbsp;finden Unterricht und OGS wie gewohnt statt.<br>Wir w\u00fcnschen Ihnen ein sch\u00f6nes, wenn auch leiseres Karnevalswochenende,<strong><em>&nbsp;und sagen \u201eBrander Feld Alaaf\u201c!<br><br><\/em><\/strong>Mit freundlichen Gr\u00fc\u00dfen<\/p>\n\n\n\n<p>Anke Sch\u00fcrings, Schulleiterin<\/p>\n\n\n\n<figure class=\"wp-block-image size-full\"><img loading=\"lazy\" decoding=\"async\" width=\"468\" height=\"240\" src=\"http:\/\/www.grundschule-brander-feld.de\/wp-content\/uploads\/2022\/02\/Karneval001.jpg\" alt=\"\" class=\"wp-image-1419\" srcset=\"https:\/\/www.grundschule-brander-feld.de\/wp-content\/uploads\/2022\/02\/Karneval001.jpg 468w, https:\/\/www.grundschule-brander-feld.de\/wp-content\/uploads\/2022\/02\/Karneval001-300x154.jpg 300w\" sizes=\"auto, (max-width: 468px) 100vw, 468px\" \/><\/figure>\n\n\n\n<div class=\"wp-block-file\"><a id=\"wp-block-file--media-e75e6515-6838-4722-af4c-751ed4d39062\" href=\"http:\/\/www.grundschule-brander-feld.de\/wp-content\/uploads\/2022\/02\/2022_Info_Karneval_.doc\">2022 Info Karneval<\/a><a href=\"http:\/\/www.grundschule-brander-feld.de\/wp-content\/uploads\/2022\/02\/2022_Info_Karneval_.doc\" class=\"wp-block-file__button\" download aria-describedby=\"wp-block-file--media-e75e6515-6838-4722-af4c-751ed4d39062\">Herunterladen<\/a><\/div>\n","protected":false},"excerpt":{"rendered":"<p>Liebe Eltern, wir feiern in diesem Jahr mit den Kindern am Fettdonnerstag (24.02.22) in der Schule Karneval! Hierzu kommen alle Kinder wie gewohnt individuell kost\u00fcmiert, ohne Schultasche, mit Fr\u00fchst\u00fcck in &hellip; <\/p>\n<p class=\"link-more\"><a href=\"https:\/\/www.grundschule-brander-feld.de\/index.php\/2022\/02\/23\/karnevalsfahrplan-2022\/\" class=\"more-link\"><span class=\"screen-reader-text\">\u201eKarnevalsfahrplan 2022\u201c<\/span> weiterlesen<\/a><\/p>\n","protected":false},"author":2,"featured_media":0,"comment_status":"closed","ping_status":"closed","sticky":false,"template":"","format":"standard","meta":{"_EventAllDay":false,"_EventTimezone":"","_EventStartDate":"","_EventEndDate":"","_EventStartDateUTC":"","_EventEndDateUTC":"","_EventShowMap":false,"_EventShowMapLink":false,"_EventURL":"","_EventCost":"","_EventCostDescription":"","_EventCurrencySymbol":"","_EventCurrencyCode":"","_EventCurrencyPosition":"","_EventDateTimeSeparator":"","_EventTimeRangeSeparator":"","_EventOrganizerID":[],"_EventVenueID":[],"_OrganizerEmail":"","_OrganizerPhone":"","_OrganizerWebsite":"","_VenueAddress":"","_VenueCity":"","_VenueCountry":"","_VenueProvince":"","_VenueState":"","_VenueZip":"","_VenuePhone":"","_VenueURL":"","_VenueStateProvince":"","_VenueLat":"","_VenueLng":"","_VenueShowMap":false,"_VenueShowMapLink":false,"footnotes":""},"categories":[17,5,1],"tags":[],"class_list":["post-1417","post","type-post","status-publish","format-standard","hentry","category-2021-2022","category-aktuelles","category-uncategorized"],"_links":{"self":[{"href":"https:\/\/www.grundschule-brander-feld.de\/index.php\/wp-json\/wp\/v2\/posts\/1417","targetHints":{"allow":["GET"]}}],"collection":[{"href":"https:\/\/www.grundschule-brander-feld.de\/index.php\/wp-json\/wp\/v2\/posts"}],"about":[{"href":"https:\/\/www.grundschule-brander-feld.de\/index.php\/wp-json\/wp\/v2\/types\/post"}],"author":[{"embeddable":true,"href":"https:\/\/www.grundschule-brander-feld.de\/index.php\/wp-json\/wp\/v2\/users\/2"}],"replies":[{"embeddable":true,"href":"https:\/\/www.grundschule-brander-feld.de\/index.php\/wp-json\/wp\/v2\/comments?post=1417"}],"version-history":[{"count":2,"href":"https:\/\/www.grundschule-brander-feld.de\/index.php\/wp-json\/wp\/v2\/posts\/1417\/revisions"}],"predecessor-version":[{"id":1421,"href":"https:\/\/www.grundschule-brander-feld.de\/index.php\/wp-json\/wp\/v2\/posts\/1417\/revisions\/1421"}],"wp:attachment":[{"href":"https:\/\/www.grundschule-brander-feld.de\/index.php\/wp-json\/wp\/v2\/media?parent=1417"}],"wp:term":[{"taxonomy":"category","embeddable":true,"href":"https:\/\/www.grundschule-brander-feld.de\/index.php\/wp-json\/wp\/v2\/categories?post=1417"},{"taxonomy":"post_tag","embeddable":true,"href":"https:\/\/www.grundschule-brander-feld.de\/index.php\/wp-json\/wp\/v2\/tags?post=1417"}],"curies":[{"name":"wp","href":"https:\/\/api.w.org\/{rel}","templated":true}]}}