{"id":1389,"date":"2022-02-26T11:03:20","date_gmt":"2022-02-26T10:03:20","guid":{"rendered":"http:\/\/www.grundschule-brander-feld.de\/?p=1389"},"modified":"2022-02-26T11:49:52","modified_gmt":"2022-02-26T10:49:52","slug":"selbsttests-in-der-naechsten-woche-01-03-04-03","status":"publish","type":"post","link":"https:\/\/www.grundschule-brander-feld.de\/index.php\/2022\/02\/26\/selbsttests-in-der-naechsten-woche-01-03-04-03\/","title":{"rendered":"Selbsttests in der n\u00e4chsten Woche (01.03. &#8211; 04.03.)"},"content":{"rendered":"\n<p>Liebe Eltern,<\/p>\n\n\n\n<p>Eine kurze Info zu den Selbsttests in der n\u00e4chsten Woche: F\u00fcr die n\u00e4chste Woche erhalten die Kinder&nbsp;<strong>2 Selbsttests.<\/strong> Bitte f\u00fchren sie diese in der n\u00e4chsten Woche ausnahmsweise&nbsp;<strong>Dienstag und Donnerstag<\/strong>&nbsp;und nicht wie sonst (Montag, Mittwoch und Freitag)&nbsp;vor&nbsp;Schulbeginn&nbsp;zu Hause mit Ihren Kindern durch.&nbsp;<\/p>\n\n\n\n<p>Mit freundlichen Gr\u00fc\u00dfen&nbsp;<\/p>\n\n\n\n<p>Anke Sch\u00fcrings, Rektorin<\/p>\n","protected":false},"excerpt":{"rendered":"<p>Liebe Eltern, Eine kurze Info zu den Selbsttests in der n\u00e4chsten Woche: F\u00fcr die n\u00e4chste Woche erhalten die Kinder&nbsp;2 Selbsttests. Bitte f\u00fchren sie diese in der n\u00e4chsten Woche ausnahmsweise&nbsp;Dienstag und &hellip; <\/p>\n<p class=\"link-more\"><a href=\"https:\/\/www.grundschule-brander-feld.de\/index.php\/2022\/02\/26\/selbsttests-in-der-naechsten-woche-01-03-04-03\/\" class=\"more-link\"><span class=\"screen-reader-text\">\u201eSelbsttests in der n\u00e4chsten Woche (01.03. &#8211; 04.03.)\u201c<\/span> weiterlesen<\/a><\/p>\n","protected":false},"author":2,"featured_media":0,"comment_status":"closed","ping_status":"closed","sticky":false,"template":"","format":"aside","meta":{"_EventAllDay":false,"_EventTimezone":"","_EventStartDate":"","_EventEndDate":"","_EventStartDateUTC":"","_EventEndDateUTC":"","_EventShowMap":false,"_EventShowMapLink":false,"_EventURL":"","_EventCost":"","_EventCostDescription":"","_EventCurrencySymbol":"","_EventCurrencyCode":"","_EventCurrencyPosition":"","_EventDateTimeSeparator":"","_EventTimeRangeSeparator":"","_EventOrganizerID":[],"_EventVenueID":[],"_OrganizerEmail":"","_OrganizerPhone":"","_OrganizerWebsite":"","_VenueAddress":"","_VenueCity":"","_VenueCountry":"","_VenueProvince":"","_VenueState":"","_VenueZip":"","_VenuePhone":"","_VenueURL":"","_VenueStateProvince":"","_VenueLat":"","_VenueLng":"","_VenueShowMap":false,"_VenueShowMapLink":false,"footnotes":""},"categories":[17,5],"tags":[],"class_list":["post-1389","post","type-post","status-publish","format-aside","hentry","category-2021-2022","category-aktuelles","post_format-post-format-aside"],"_links":{"self":[{"href":"https:\/\/www.grundschule-brander-feld.de\/index.php\/wp-json\/wp\/v2\/posts\/1389","targetHints":{"allow":["GET"]}}],"collection":[{"href":"https:\/\/www.grundschule-brander-feld.de\/index.php\/wp-json\/wp\/v2\/posts"}],"about":[{"href":"https:\/\/www.grundschule-brander-feld.de\/index.php\/wp-json\/wp\/v2\/types\/post"}],"author":[{"embeddable":true,"href":"https:\/\/www.grundschule-brander-feld.de\/index.php\/wp-json\/wp\/v2\/users\/2"}],"replies":[{"embeddable":true,"href":"https:\/\/www.grundschule-brander-feld.de\/index.php\/wp-json\/wp\/v2\/comments?post=1389"}],"version-history":[{"count":2,"href":"https:\/\/www.grundschule-brander-feld.de\/index.php\/wp-json\/wp\/v2\/posts\/1389\/revisions"}],"predecessor-version":[{"id":1416,"href":"https:\/\/www.grundschule-brander-feld.de\/index.php\/wp-json\/wp\/v2\/posts\/1389\/revisions\/1416"}],"wp:attachment":[{"href":"https:\/\/www.grundschule-brander-feld.de\/index.php\/wp-json\/wp\/v2\/media?parent=1389"}],"wp:term":[{"taxonomy":"category","embeddable":true,"href":"https:\/\/www.grundschule-brander-feld.de\/index.php\/wp-json\/wp\/v2\/categories?post=1389"},{"taxonomy":"post_tag","embeddable":true,"href":"https:\/\/www.grundschule-brander-feld.de\/index.php\/wp-json\/wp\/v2\/tags?post=1389"}],"curies":[{"name":"wp","href":"https:\/\/api.w.org\/{rel}","templated":true}]}}