{"id":1373,"date":"2022-02-23T11:47:45","date_gmt":"2022-02-23T10:47:45","guid":{"rendered":"https:\/\/www.grundschule-brander-feld.de\/?p=1373"},"modified":"2022-02-26T10:47:25","modified_gmt":"2022-02-26T09:47:25","slug":"kunstprojekt-kleine-tiere-grosse-leistung","status":"publish","type":"post","link":"https:\/\/www.grundschule-brander-feld.de\/index.php\/2022\/02\/23\/kunstprojekt-kleine-tiere-grosse-leistung\/","title":{"rendered":"Kunstprojekt: Kleine Tiere &#8211; Gro\u00dfe Leistung"},"content":{"rendered":"\n<p><\/p>\n\n\n\n<p><strong>Kleine Tiere &#8211; Gro\u00dfe Leistung<\/strong><\/p>\n\n\n\n<p><strong>Wir holen Kultur in die Schule!<\/strong>&nbsp;Wie? Zum Besipiel \u00fcber das Projekt&nbsp;<strong>Kultur und Schule<\/strong>, das vom Bildungsb\u00fcro der Stadt Aachen im Rahmen des offenen Ganztags angeboten wird.<br>Dies bedeutet, eine ausgebildete kulturschaffende K\u00fcnstlerin, Frau Freude, bietet f\u00fcr eine Gruppe von bis zu 12 Kindern einen k\u00fcnstlerischen Kurs an.&nbsp;<br>Bei diesem Angebot geht es um&nbsp;<strong>Insekten, die Enormes leisten f\u00fcr die Natur und unser Leben.<\/strong> <\/p>\n\n\n\n<p><a href=\"https:\/\/www.grundschule-brander-feld.de\/index.php\/kunstprojekt-insekten-kleine-tiere-grosse-leistung\/\" data-type=\"page\" data-id=\"1360\">Mehr lesen<\/a><\/p>\n\n\n\n<figure class=\"wp-block-image size-large\"><img loading=\"lazy\" decoding=\"async\" width=\"1024\" height=\"563\" src=\"http:\/\/www.grundschule-brander-feld.de\/wp-content\/uploads\/2022\/02\/Projekttitel-1024x563.jpg\" alt=\"\" class=\"wp-image-1364\" srcset=\"https:\/\/www.grundschule-brander-feld.de\/wp-content\/uploads\/2022\/02\/Projekttitel-1024x563.jpg 1024w, https:\/\/www.grundschule-brander-feld.de\/wp-content\/uploads\/2022\/02\/Projekttitel-300x165.jpg 300w, https:\/\/www.grundschule-brander-feld.de\/wp-content\/uploads\/2022\/02\/Projekttitel-768x422.jpg 768w, https:\/\/www.grundschule-brander-feld.de\/wp-content\/uploads\/2022\/02\/Projekttitel-1536x844.jpg 1536w, https:\/\/www.grundschule-brander-feld.de\/wp-content\/uploads\/2022\/02\/Projekttitel.jpg 1701w\" sizes=\"auto, (max-width: 767px) 89vw, (max-width: 1000px) 54vw, (max-width: 1071px) 543px, 580px\" \/><\/figure>\n","protected":false},"excerpt":{"rendered":"<p>Kleine Tiere &#8211; Gro\u00dfe Leistung Wir holen Kultur in die Schule!&nbsp;Wie? Zum Besipiel \u00fcber das Projekt&nbsp;Kultur und Schule, das vom Bildungsb\u00fcro der Stadt Aachen im Rahmen des offenen Ganztags angeboten &hellip; <\/p>\n<p class=\"link-more\"><a href=\"https:\/\/www.grundschule-brander-feld.de\/index.php\/2022\/02\/23\/kunstprojekt-kleine-tiere-grosse-leistung\/\" class=\"more-link\"><span class=\"screen-reader-text\">\u201eKunstprojekt: Kleine Tiere &#8211; Gro\u00dfe Leistung\u201c<\/span> weiterlesen<\/a><\/p>\n","protected":false},"author":2,"featured_media":0,"comment_status":"closed","ping_status":"closed","sticky":false,"template":"","format":"standard","meta":{"_EventAllDay":false,"_EventTimezone":"","_EventStartDate":"","_EventEndDate":"","_EventStartDateUTC":"","_EventEndDateUTC":"","_EventShowMap":false,"_EventShowMapLink":false,"_EventURL":"","_EventCost":"","_EventCostDescription":"","_EventCurrencySymbol":"","_EventCurrencyCode":"","_EventCurrencyPosition":"","_EventDateTimeSeparator":"","_EventTimeRangeSeparator":"","_EventOrganizerID":[],"_EventVenueID":[],"_OrganizerEmail":"","_OrganizerPhone":"","_OrganizerWebsite":"","_VenueAddress":"","_VenueCity":"","_VenueCountry":"","_VenueProvince":"","_VenueState":"","_VenueZip":"","_VenuePhone":"","_VenueURL":"","_VenueStateProvince":"","_VenueLat":"","_VenueLng":"","_VenueShowMap":false,"_VenueShowMapLink":false,"footnotes":""},"categories":[17,16],"tags":[],"class_list":["post-1373","post","type-post","status-publish","format-standard","hentry","category-2021-2022","category-schulleben"],"_links":{"self":[{"href":"https:\/\/www.grundschule-brander-feld.de\/index.php\/wp-json\/wp\/v2\/posts\/1373","targetHints":{"allow":["GET"]}}],"collection":[{"href":"https:\/\/www.grundschule-brander-feld.de\/index.php\/wp-json\/wp\/v2\/posts"}],"about":[{"href":"https:\/\/www.grundschule-brander-feld.de\/index.php\/wp-json\/wp\/v2\/types\/post"}],"author":[{"embeddable":true,"href":"https:\/\/www.grundschule-brander-feld.de\/index.php\/wp-json\/wp\/v2\/users\/2"}],"replies":[{"embeddable":true,"href":"https:\/\/www.grundschule-brander-feld.de\/index.php\/wp-json\/wp\/v2\/comments?post=1373"}],"version-history":[{"count":3,"href":"https:\/\/www.grundschule-brander-feld.de\/index.php\/wp-json\/wp\/v2\/posts\/1373\/revisions"}],"predecessor-version":[{"id":1376,"href":"https:\/\/www.grundschule-brander-feld.de\/index.php\/wp-json\/wp\/v2\/posts\/1373\/revisions\/1376"}],"wp:attachment":[{"href":"https:\/\/www.grundschule-brander-feld.de\/index.php\/wp-json\/wp\/v2\/media?parent=1373"}],"wp:term":[{"taxonomy":"category","embeddable":true,"href":"https:\/\/www.grundschule-brander-feld.de\/index.php\/wp-json\/wp\/v2\/categories?post=1373"},{"taxonomy":"post_tag","embeddable":true,"href":"https:\/\/www.grundschule-brander-feld.de\/index.php\/wp-json\/wp\/v2\/tags?post=1373"}],"curies":[{"name":"wp","href":"https:\/\/api.w.org\/{rel}","templated":true}]}}