{"id":1264,"date":"2021-09-30T15:05:29","date_gmt":"2021-09-30T13:05:29","guid":{"rendered":"http:\/\/www.grundschule-brander-feld.de\/?p=1264"},"modified":"2025-09-12T08:11:18","modified_gmt":"2025-09-12T06:11:18","slug":"1000-baeume-projekt-link-zur-fertigstellung","status":"publish","type":"post","link":"https:\/\/www.grundschule-brander-feld.de\/index.php\/2021\/09\/30\/1000-baeume-projekt-link-zur-fertigstellung\/","title":{"rendered":"1000 B\u00e4ume Projekt-Link zur Fertigstellung"},"content":{"rendered":"\n<p>Liebe Teilnehmer am 1000-B\u00e4ume-Projekt,<\/p>\n\n\n\n<p>endlich ist es soweit. Die Aufbereitung der Dokumentation unseres Projektes ist fertiggestellt. Nachdem es vor den Sommerferien, aufgrund verschiedener Umst\u00e4nde, nicht mehr erledigt werden konnte, k\u00f6nnen wir Ihnen nun eine sehr sch\u00f6ne Dokumentation pr\u00e4sentieren. Alle Teilnehmer, die etwas eingereicht hatten, sind in der vorliegenden Dokumentation vertreten.<\/p>\n\n\n\n<p>Im Internet unter der Adresse<\/p>\n\n\n\n<p><a href=\"http:\/\/bit.ly\/1000B%C3%A4ume\">http:\/\/bit.ly\/1000B%C3%A4ume<\/a><\/p>\n\n\n\n<p>k\u00f6nnen Sie die Beitr\u00e4ge als Gesamtwerk abrufen.<\/p>\n\n\n\n<p><\/p>\n","protected":false},"excerpt":{"rendered":"<p>Liebe Teilnehmer am 1000-B\u00e4ume-Projekt, endlich ist es soweit. Die Aufbereitung der Dokumentation unseres Projektes ist fertiggestellt. Nachdem es vor den Sommerferien, aufgrund verschiedener Umst\u00e4nde, nicht mehr erledigt werden konnte, k\u00f6nnen &hellip; <\/p>\n<p class=\"link-more\"><a href=\"https:\/\/www.grundschule-brander-feld.de\/index.php\/2021\/09\/30\/1000-baeume-projekt-link-zur-fertigstellung\/\" class=\"more-link\"><span class=\"screen-reader-text\">\u201e1000 B\u00e4ume Projekt-Link zur Fertigstellung\u201c<\/span> weiterlesen<\/a><\/p>\n","protected":false},"author":9,"featured_media":0,"comment_status":"closed","ping_status":"closed","sticky":false,"template":"","format":"standard","meta":{"_EventAllDay":false,"_EventTimezone":"","_EventStartDate":"","_EventEndDate":"","_EventStartDateUTC":"","_EventEndDateUTC":"","_EventShowMap":false,"_EventShowMapLink":false,"_EventURL":"","_EventCost":"","_EventCostDescription":"","_EventCurrencySymbol":"","_EventCurrencyCode":"","_EventCurrencyPosition":"","_EventDateTimeSeparator":"","_EventTimeRangeSeparator":"","_EventOrganizerID":[],"_EventVenueID":[],"_OrganizerEmail":"","_OrganizerPhone":"","_OrganizerWebsite":"","_VenueAddress":"","_VenueCity":"","_VenueCountry":"","_VenueProvince":"","_VenueState":"","_VenueZip":"","_VenuePhone":"","_VenueURL":"","_VenueStateProvince":"","_VenueLat":"","_VenueLng":"","_VenueShowMap":false,"_VenueShowMapLink":false,"footnotes":""},"categories":[17,5],"tags":[],"class_list":["post-1264","post","type-post","status-publish","format-standard","hentry","category-2021-2022","category-aktuelles"],"_links":{"self":[{"href":"https:\/\/www.grundschule-brander-feld.de\/index.php\/wp-json\/wp\/v2\/posts\/1264","targetHints":{"allow":["GET"]}}],"collection":[{"href":"https:\/\/www.grundschule-brander-feld.de\/index.php\/wp-json\/wp\/v2\/posts"}],"about":[{"href":"https:\/\/www.grundschule-brander-feld.de\/index.php\/wp-json\/wp\/v2\/types\/post"}],"author":[{"embeddable":true,"href":"https:\/\/www.grundschule-brander-feld.de\/index.php\/wp-json\/wp\/v2\/users\/9"}],"replies":[{"embeddable":true,"href":"https:\/\/www.grundschule-brander-feld.de\/index.php\/wp-json\/wp\/v2\/comments?post=1264"}],"version-history":[{"count":1,"href":"https:\/\/www.grundschule-brander-feld.de\/index.php\/wp-json\/wp\/v2\/posts\/1264\/revisions"}],"predecessor-version":[{"id":1265,"href":"https:\/\/www.grundschule-brander-feld.de\/index.php\/wp-json\/wp\/v2\/posts\/1264\/revisions\/1265"}],"wp:attachment":[{"href":"https:\/\/www.grundschule-brander-feld.de\/index.php\/wp-json\/wp\/v2\/media?parent=1264"}],"wp:term":[{"taxonomy":"category","embeddable":true,"href":"https:\/\/www.grundschule-brander-feld.de\/index.php\/wp-json\/wp\/v2\/categories?post=1264"},{"taxonomy":"post_tag","embeddable":true,"href":"https:\/\/www.grundschule-brander-feld.de\/index.php\/wp-json\/wp\/v2\/tags?post=1264"}],"curies":[{"name":"wp","href":"https:\/\/api.w.org\/{rel}","templated":true}]}}