{"id":653,"date":"2018-11-13T15:27:39","date_gmt":"2018-11-13T14:27:39","guid":{"rendered":"http:\/\/www.grundschule-brander-feld.de\/?p=653"},"modified":"2019-12-20T15:33:49","modified_gmt":"2019-12-20T14:33:49","slug":"it-4-kids-der-neue-programmierkurs-laeuft","status":"publish","type":"post","link":"http:\/\/www.grundschule-brander-feld.de\/index.php\/2018\/11\/13\/it-4-kids-der-neue-programmierkurs-laeuft\/","title":{"rendered":"IT 4 Kids &#8211; der neue Programmierkurs l\u00e4uft!"},"content":{"rendered":"\n<p>Jeden Dienstag kommen eine Studentin und zwei Studenten zu uns in die vierte Klasse.<\/p>\n\n\n\n<p>In der ersten Stunde haben wir aus St\u00fchlen und Tischen ein Labyrinth gebaut, durch das wir unseren Partner lotsen mussten. Das war gar nicht so leicht, denn unser Partner hatte die Augen geschlossen. Au\u00dferdem sind die Roboter st\u00e4ndig gegen die St\u00fchle gelaufen, wenn wir ihnen nicht die richtige Anweisung gegeben haben.<\/p>\n\n\n\n<ul class=\"wp-block-gallery columns-2 is-cropped wp-block-gallery-1 is-layout-flex wp-block-gallery-is-layout-flex\"><li class=\"blocks-gallery-item\"><figure><img loading=\"lazy\" decoding=\"async\" width=\"711\" height=\"948\" src=\"http:\/\/www.grundschule-brander-feld.de\/wp-content\/uploads\/2019\/12\/Labyrinth.jpg\" alt=\"\" data-id=\"654\" data-link=\"http:\/\/www.grundschule-brander-feld.de\/labyrinth\/\" class=\"wp-image-654\" srcset=\"http:\/\/www.grundschule-brander-feld.de\/wp-content\/uploads\/2019\/12\/Labyrinth.jpg 711w, http:\/\/www.grundschule-brander-feld.de\/wp-content\/uploads\/2019\/12\/Labyrinth-225x300.jpg 225w\" sizes=\"auto, (max-width: 711px) 100vw, 711px\" \/><\/figure><\/li><li class=\"blocks-gallery-item\"><figure><img loading=\"lazy\" decoding=\"async\" width=\"803\" height=\"602\" src=\"http:\/\/www.grundschule-brander-feld.de\/wp-content\/uploads\/2019\/12\/Koease_Maus.jpg\" alt=\"\" data-id=\"655\" data-link=\"http:\/\/www.grundschule-brander-feld.de\/koease_maus\/\" class=\"wp-image-655\" srcset=\"http:\/\/www.grundschule-brander-feld.de\/wp-content\/uploads\/2019\/12\/Koease_Maus.jpg 803w, http:\/\/www.grundschule-brander-feld.de\/wp-content\/uploads\/2019\/12\/Koease_Maus-300x225.jpg 300w, http:\/\/www.grundschule-brander-feld.de\/wp-content\/uploads\/2019\/12\/Koease_Maus-768x576.jpg 768w\" sizes=\"auto, (max-width: 767px) 89vw, (max-width: 1000px) 54vw, (max-width: 1071px) 543px, 580px\" \/><\/figure><\/li><\/ul>\n\n\n\n<p>In der 2. Stunde\u00a0\u00a0durften wir ein Programm ausprobieren. Wir sollten eine Maus so programmieren, dass sie \u00fcber eine Br\u00fccke zu einem K\u00e4se gelangen konnte.<\/p>\n\n\n\n<ul class=\"wp-block-gallery columns-2 is-cropped wp-block-gallery-2 is-layout-flex wp-block-gallery-is-layout-flex\"><li class=\"blocks-gallery-item\"><figure><img loading=\"lazy\" decoding=\"async\" width=\"640\" height=\"480\" src=\"http:\/\/www.grundschule-brander-feld.de\/wp-content\/uploads\/2019\/12\/Johanna.jpg\" alt=\"\" data-id=\"657\" data-link=\"http:\/\/www.grundschule-brander-feld.de\/johanna\/\" class=\"wp-image-657\" srcset=\"http:\/\/www.grundschule-brander-feld.de\/wp-content\/uploads\/2019\/12\/Johanna.jpg 640w, http:\/\/www.grundschule-brander-feld.de\/wp-content\/uploads\/2019\/12\/Johanna-300x225.jpg 300w\" sizes=\"auto, (max-width: 640px) 100vw, 640px\" \/><\/figure><\/li><li class=\"blocks-gallery-item\"><figure><img loading=\"lazy\" decoding=\"async\" width=\"640\" height=\"480\" src=\"http:\/\/www.grundschule-brander-feld.de\/wp-content\/uploads\/2019\/12\/Jana.jpg\" alt=\"\" data-id=\"656\" data-link=\"http:\/\/www.grundschule-brander-feld.de\/jana\/\" class=\"wp-image-656\" srcset=\"http:\/\/www.grundschule-brander-feld.de\/wp-content\/uploads\/2019\/12\/Jana.jpg 640w, http:\/\/www.grundschule-brander-feld.de\/wp-content\/uploads\/2019\/12\/Jana-300x225.jpg 300w\" sizes=\"auto, (max-width: 640px) 100vw, 640px\" \/><\/figure><\/li><\/ul>\n\n\n\n<p> Man musste es mit einem Klick auf die Programm-Starttaste schaffen. Das war kompliziert, hat aber viel Spa\u00df gemacht. <\/p>\n\n\n\n<ul class=\"wp-block-gallery columns-3 is-cropped wp-block-gallery-3 is-layout-flex wp-block-gallery-is-layout-flex\"><li class=\"blocks-gallery-item\"><figure><img loading=\"lazy\" decoding=\"async\" width=\"776\" height=\"582\" src=\"http:\/\/www.grundschule-brander-feld.de\/wp-content\/uploads\/2019\/12\/David.jpg\" alt=\"\" data-id=\"659\" data-link=\"http:\/\/www.grundschule-brander-feld.de\/david\/\" class=\"wp-image-659\" srcset=\"http:\/\/www.grundschule-brander-feld.de\/wp-content\/uploads\/2019\/12\/David.jpg 776w, http:\/\/www.grundschule-brander-feld.de\/wp-content\/uploads\/2019\/12\/David-300x225.jpg 300w, http:\/\/www.grundschule-brander-feld.de\/wp-content\/uploads\/2019\/12\/David-768x576.jpg 768w\" sizes=\"auto, (max-width: 767px) 89vw, (max-width: 1000px) 54vw, (max-width: 1071px) 543px, 580px\" \/><\/figure><\/li><li class=\"blocks-gallery-item\"><figure><img loading=\"lazy\" decoding=\"async\" width=\"640\" height=\"480\" src=\"http:\/\/www.grundschule-brander-feld.de\/wp-content\/uploads\/2019\/12\/Kinder.jpg\" alt=\"\" data-id=\"658\" data-link=\"http:\/\/www.grundschule-brander-feld.de\/kinder\/\" class=\"wp-image-658\" srcset=\"http:\/\/www.grundschule-brander-feld.de\/wp-content\/uploads\/2019\/12\/Kinder.jpg 640w, http:\/\/www.grundschule-brander-feld.de\/wp-content\/uploads\/2019\/12\/Kinder-300x225.jpg 300w\" sizes=\"auto, (max-width: 640px) 100vw, 640px\" \/><\/figure><\/li><li class=\"blocks-gallery-item\"><figure><img loading=\"lazy\" decoding=\"async\" width=\"621\" height=\"828\" src=\"http:\/\/www.grundschule-brander-feld.de\/wp-content\/uploads\/2019\/12\/Joel.jpg\" alt=\"\" data-id=\"660\" data-link=\"http:\/\/www.grundschule-brander-feld.de\/joel\/\" class=\"wp-image-660\" srcset=\"http:\/\/www.grundschule-brander-feld.de\/wp-content\/uploads\/2019\/12\/Joel.jpg 621w, http:\/\/www.grundschule-brander-feld.de\/wp-content\/uploads\/2019\/12\/Joel-225x300.jpg 225w\" sizes=\"auto, (max-width: 621px) 100vw, 621px\" \/><\/figure><\/li><\/ul>\n","protected":false},"excerpt":{"rendered":"<p>Jeden Dienstag kommen eine Studentin und zwei Studenten zu uns in die vierte Klasse. In der ersten Stunde haben wir aus St\u00fchlen und Tischen ein Labyrinth gebaut, durch das wir &hellip; <\/p>\n<p class=\"link-more\"><a href=\"http:\/\/www.grundschule-brander-feld.de\/index.php\/2018\/11\/13\/it-4-kids-der-neue-programmierkurs-laeuft\/\" class=\"more-link\"><span class=\"screen-reader-text\">\u201eIT 4 Kids &#8211; der neue Programmierkurs l\u00e4uft!\u201c<\/span> weiterlesen<\/a><\/p>\n","protected":false},"author":2,"featured_media":0,"comment_status":"closed","ping_status":"closed","sticky":false,"template":"","format":"standard","meta":{"_EventAllDay":false,"_EventTimezone":"","_EventStartDate":"","_EventEndDate":"","_EventStartDateUTC":"","_EventEndDateUTC":"","_EventShowMap":false,"_EventShowMapLink":false,"_EventURL":"","_EventCost":"","_EventCostDescription":"","_EventCurrencySymbol":"","_EventCurrencyCode":"","_EventCurrencyPosition":"","_EventDateTimeSeparator":"","_EventTimeRangeSeparator":"","_EventOrganizerID":[],"_EventVenueID":[],"_OrganizerEmail":"","_OrganizerPhone":"","_OrganizerWebsite":"","_VenueAddress":"","_VenueCity":"","_VenueCountry":"","_VenueProvince":"","_VenueState":"","_VenueZip":"","_VenuePhone":"","_VenueURL":"","_VenueStateProvince":"","_VenueLat":"","_VenueLng":"","_VenueShowMap":false,"_VenueShowMapLink":false,"footnotes":""},"categories":[9],"tags":[],"class_list":["post-653","post","type-post","status-publish","format-standard","hentry","category-2018-2019"],"_links":{"self":[{"href":"http:\/\/www.grundschule-brander-feld.de\/index.php\/wp-json\/wp\/v2\/posts\/653","targetHints":{"allow":["GET"]}}],"collection":[{"href":"http:\/\/www.grundschule-brander-feld.de\/index.php\/wp-json\/wp\/v2\/posts"}],"about":[{"href":"http:\/\/www.grundschule-brander-feld.de\/index.php\/wp-json\/wp\/v2\/types\/post"}],"author":[{"embeddable":true,"href":"http:\/\/www.grundschule-brander-feld.de\/index.php\/wp-json\/wp\/v2\/users\/2"}],"replies":[{"embeddable":true,"href":"http:\/\/www.grundschule-brander-feld.de\/index.php\/wp-json\/wp\/v2\/comments?post=653"}],"version-history":[{"count":1,"href":"http:\/\/www.grundschule-brander-feld.de\/index.php\/wp-json\/wp\/v2\/posts\/653\/revisions"}],"predecessor-version":[{"id":661,"href":"http:\/\/www.grundschule-brander-feld.de\/index.php\/wp-json\/wp\/v2\/posts\/653\/revisions\/661"}],"wp:attachment":[{"href":"http:\/\/www.grundschule-brander-feld.de\/index.php\/wp-json\/wp\/v2\/media?parent=653"}],"wp:term":[{"taxonomy":"category","embeddable":true,"href":"http:\/\/www.grundschule-brander-feld.de\/index.php\/wp-json\/wp\/v2\/categories?post=653"},{"taxonomy":"post_tag","embeddable":true,"href":"http:\/\/www.grundschule-brander-feld.de\/index.php\/wp-json\/wp\/v2\/tags?post=653"}],"curies":[{"name":"wp","href":"https:\/\/api.w.org\/{rel}","templated":true}]}}