{"id":650,"date":"2018-11-25T15:24:30","date_gmt":"2018-11-25T14:24:30","guid":{"rendered":"http:\/\/www.grundschule-brander-feld.de\/?p=650"},"modified":"2019-12-20T15:25:34","modified_gmt":"2019-12-20T14:25:34","slug":"schwester-magda-veronika-und-schwester-petra-zu-besuch-im-brander-feld","status":"publish","type":"post","link":"http:\/\/www.grundschule-brander-feld.de\/index.php\/2018\/11\/25\/schwester-magda-veronika-und-schwester-petra-zu-besuch-im-brander-feld\/","title":{"rendered":"Schwester Magda Veronika und Schwester Petra zu Besuch im Brander Feld"},"content":{"rendered":"\n<p><strong>Der Besuch der Ordensschwestern<\/strong><\/p>\n\n\n\n<p>Als Schwester Petra und Schwester Magda Veronika in unser Klassenzimmer kamen, waren wir sehr gespannt darauf, was uns erwartet. \u00a0\u00a0\u00a0<\/p>\n\n\n\n<figure class=\"wp-block-image\"><img loading=\"lazy\" decoding=\"async\" width=\"360\" height=\"640\" src=\"http:\/\/www.grundschule-brander-feld.de\/wp-content\/uploads\/2019\/12\/Unterricht_Clara_Fey.png\" alt=\"\" class=\"wp-image-651\" srcset=\"http:\/\/www.grundschule-brander-feld.de\/wp-content\/uploads\/2019\/12\/Unterricht_Clara_Fey.png 360w, http:\/\/www.grundschule-brander-feld.de\/wp-content\/uploads\/2019\/12\/Unterricht_Clara_Fey-169x300.png 169w\" sizes=\"auto, (max-width: 360px) 100vw, 360px\" \/><\/figure>\n\n\n\n<p>\n\nSie haben sich erst einmal vorgestellt und wir haben besprochen, wie die Schwestern im&nbsp;Orden leben.&nbsp;Wir waren erstaunt dar\u00fcber, dass sie vieles genauso machen wie wir, z.B.: Lesen, Schwimmen oder Tanzen. Nat\u00fcrlich beten sie auch viel und setzen sich sehr f\u00fcr Menschen in Not ein.&nbsp;\n\n<\/p>\n\n\n\n<p>Dann haben wir uns ein Buch angeschaut. Es hie\u00df das Stundenbuch.&nbsp;Wir konnten viele Fragen stellen.&nbsp;Nachher wurde uns erkl\u00e4rt, wieso es Clara Fey hei\u00dft:<\/p>\n\n\n\n<p>Clara Fey wurde 1815 in Aachen geboren, sie hatte 4 Geschwister und ihre Eltern hie\u00dfen Louis und Katharina Fey. Eines Nachts hatte sie einen Traum: Sie traf einen armen Jungen namens Jesus. Sp\u00e4ter, als sie 22 Jahre alt war und der Not der Kinder abhelfen konnte, hatte sie die Idee eine Armenschule zu gr\u00fcnden, denn damals war es noch nicht selbstverst\u00e4ndlich, dass alle Kinder zur Schule gehen konnten. Als sie die Armenschule erfolgreich gegr\u00fcndet hatte, wollte sie auch noch eine Gemeinschaft gr\u00fcnden. Sie nannten sich: Die Schwestern vom Armen Kinde Jesus. Clara Fey starb 1894 in den Niederlanden.<\/p>\n\n\n\n<p>Es war sehr interessant und wir freuen uns schon auf die n\u00e4chste Begegnung mit Schwester Magda Veronika und Schwester Petra.&nbsp; &nbsp; &nbsp; &nbsp; &nbsp; &nbsp; &nbsp; &nbsp; &nbsp; &nbsp; &nbsp; &nbsp; &nbsp; &nbsp; &nbsp; &nbsp;&nbsp;<\/p>\n\n\n\n<p>von Leonie, Clara und Carla (4a)<\/p>\n","protected":false},"excerpt":{"rendered":"<p>Der Besuch der Ordensschwestern Als Schwester Petra und Schwester Magda Veronika in unser Klassenzimmer kamen, waren wir sehr gespannt darauf, was uns erwartet. \u00a0\u00a0\u00a0 Sie haben sich erst einmal vorgestellt &hellip; <\/p>\n<p class=\"link-more\"><a href=\"http:\/\/www.grundschule-brander-feld.de\/index.php\/2018\/11\/25\/schwester-magda-veronika-und-schwester-petra-zu-besuch-im-brander-feld\/\" class=\"more-link\"><span class=\"screen-reader-text\">\u201eSchwester Magda Veronika und Schwester Petra zu Besuch im Brander Feld\u201c<\/span> weiterlesen<\/a><\/p>\n","protected":false},"author":2,"featured_media":0,"comment_status":"closed","ping_status":"closed","sticky":false,"template":"","format":"standard","meta":{"_EventAllDay":false,"_EventTimezone":"","_EventStartDate":"","_EventEndDate":"","_EventStartDateUTC":"","_EventEndDateUTC":"","_EventShowMap":false,"_EventShowMapLink":false,"_EventURL":"","_EventCost":"","_EventCostDescription":"","_EventCurrencySymbol":"","_EventCurrencyCode":"","_EventCurrencyPosition":"","_EventDateTimeSeparator":"","_EventTimeRangeSeparator":"","_EventOrganizerID":[],"_EventVenueID":[],"_OrganizerEmail":"","_OrganizerPhone":"","_OrganizerWebsite":"","_VenueAddress":"","_VenueCity":"","_VenueCountry":"","_VenueProvince":"","_VenueState":"","_VenueZip":"","_VenuePhone":"","_VenueURL":"","_VenueStateProvince":"","_VenueLat":"","_VenueLng":"","_VenueShowMap":false,"_VenueShowMapLink":false,"footnotes":""},"categories":[9],"tags":[],"class_list":["post-650","post","type-post","status-publish","format-standard","hentry","category-2018-2019"],"_links":{"self":[{"href":"http:\/\/www.grundschule-brander-feld.de\/index.php\/wp-json\/wp\/v2\/posts\/650","targetHints":{"allow":["GET"]}}],"collection":[{"href":"http:\/\/www.grundschule-brander-feld.de\/index.php\/wp-json\/wp\/v2\/posts"}],"about":[{"href":"http:\/\/www.grundschule-brander-feld.de\/index.php\/wp-json\/wp\/v2\/types\/post"}],"author":[{"embeddable":true,"href":"http:\/\/www.grundschule-brander-feld.de\/index.php\/wp-json\/wp\/v2\/users\/2"}],"replies":[{"embeddable":true,"href":"http:\/\/www.grundschule-brander-feld.de\/index.php\/wp-json\/wp\/v2\/comments?post=650"}],"version-history":[{"count":1,"href":"http:\/\/www.grundschule-brander-feld.de\/index.php\/wp-json\/wp\/v2\/posts\/650\/revisions"}],"predecessor-version":[{"id":652,"href":"http:\/\/www.grundschule-brander-feld.de\/index.php\/wp-json\/wp\/v2\/posts\/650\/revisions\/652"}],"wp:attachment":[{"href":"http:\/\/www.grundschule-brander-feld.de\/index.php\/wp-json\/wp\/v2\/media?parent=650"}],"wp:term":[{"taxonomy":"category","embeddable":true,"href":"http:\/\/www.grundschule-brander-feld.de\/index.php\/wp-json\/wp\/v2\/categories?post=650"},{"taxonomy":"post_tag","embeddable":true,"href":"http:\/\/www.grundschule-brander-feld.de\/index.php\/wp-json\/wp\/v2\/tags?post=650"}],"curies":[{"name":"wp","href":"https:\/\/api.w.org\/{rel}","templated":true}]}}