{"id":632,"date":"2019-03-05T15:08:41","date_gmt":"2019-03-05T14:08:41","guid":{"rendered":"http:\/\/www.grundschule-brander-feld.de\/?p=632"},"modified":"2019-12-20T15:17:09","modified_gmt":"2019-12-20T14:17:09","slug":"karneval-2019","status":"publish","type":"post","link":"http:\/\/www.grundschule-brander-feld.de\/index.php\/2019\/03\/05\/karneval-2019\/","title":{"rendered":"Karneval 2019"},"content":{"rendered":"\n<p> Auch in diesem Jahr hie\u00df es am Fettdonnerstag wieder:,,Brander Feld &#8211; ALAAAAAF!&#8220; und viele liebevoll kost\u00fcmierte kleine und gro\u00dfe Jecken trafen sich zur Einstimmmung bei einem Auftritt der 1.Gro\u00dfen Brander KG in der Halle unserer Schule. <\/p>\n\n\n\n<div class=\"wp-block-image\"><figure class=\"aligncenter\"><img loading=\"lazy\" decoding=\"async\" width=\"320\" height=\"240\" src=\"http:\/\/www.grundschule-brander-feld.de\/wp-content\/uploads\/2019\/12\/K2.jpg\" alt=\"\" class=\"wp-image-633\" srcset=\"http:\/\/www.grundschule-brander-feld.de\/wp-content\/uploads\/2019\/12\/K2.jpg 320w, http:\/\/www.grundschule-brander-feld.de\/wp-content\/uploads\/2019\/12\/K2-300x225.jpg 300w\" sizes=\"auto, (max-width: 320px) 100vw, 320px\" \/><\/figure><\/div>\n\n\n\n<p> Anschlie\u00dfend wurde in den Klassen oder gemeinsam mit der Patenklasse weiter getanzt, gespielt, gelacht und gefeiert. <\/p>\n\n\n\n<ul class=\"wp-block-gallery columns-2 is-cropped wp-block-gallery-1 is-layout-flex wp-block-gallery-is-layout-flex\"><li class=\"blocks-gallery-item\"><figure><img loading=\"lazy\" decoding=\"async\" width=\"320\" height=\"240\" src=\"http:\/\/www.grundschule-brander-feld.de\/wp-content\/uploads\/2019\/12\/K6.jpg\" alt=\"\" data-id=\"634\" data-link=\"http:\/\/www.grundschule-brander-feld.de\/?attachment_id=634\" class=\"wp-image-634\" srcset=\"http:\/\/www.grundschule-brander-feld.de\/wp-content\/uploads\/2019\/12\/K6.jpg 320w, http:\/\/www.grundschule-brander-feld.de\/wp-content\/uploads\/2019\/12\/K6-300x225.jpg 300w\" sizes=\"auto, (max-width: 320px) 100vw, 320px\" \/><\/figure><\/li><li class=\"blocks-gallery-item\"><figure><img loading=\"lazy\" decoding=\"async\" width=\"320\" height=\"240\" src=\"http:\/\/www.grundschule-brander-feld.de\/wp-content\/uploads\/2019\/12\/K5.jpg\" alt=\"\" data-id=\"635\" data-link=\"http:\/\/www.grundschule-brander-feld.de\/?attachment_id=635\" class=\"wp-image-635\" srcset=\"http:\/\/www.grundschule-brander-feld.de\/wp-content\/uploads\/2019\/12\/K5.jpg 320w, http:\/\/www.grundschule-brander-feld.de\/wp-content\/uploads\/2019\/12\/K5-300x225.jpg 300w\" sizes=\"auto, (max-width: 320px) 100vw, 320px\" \/><\/figure><\/li><\/ul>\n\n\n\n<p> Um 11 Uhr war es dann ENDLICH\u00a0soweit, denn &#8222;unser&#8220; Paul aus der Klasse 4a war in diesem Jahr M\u00e4rchenprinz der Stadt Aachen! Er besuchte uns mit seinem Hofstaat\u00a0unter dem Motto \u201e<strong><em>Kenger<\/em>\u00a0va \u00f6vverall, fiere \u00d6cher Karneval<\/strong>\u201c. Nach den gro\u00dfartigen T\u00e4nzen und Darbietungen gab es dann noch ein \u00dcberraschungslied f\u00fcr Paul. Die Stimmung h\u00e4tte nicht besser sein k\u00f6nnen! Oche, Brander Feld und M\u00e4rchenprinz Paul &#8211; ALAAAAF!!!! <\/p>\n\n\n\n<ul class=\"wp-block-gallery columns-2 is-cropped wp-block-gallery-2 is-layout-flex wp-block-gallery-is-layout-flex\"><li class=\"blocks-gallery-item\"><figure><img loading=\"lazy\" decoding=\"async\" width=\"320\" height=\"240\" src=\"http:\/\/www.grundschule-brander-feld.de\/wp-content\/uploads\/2019\/12\/K3.jpg\" alt=\"\" data-id=\"638\" data-link=\"http:\/\/www.grundschule-brander-feld.de\/k3\/\" class=\"wp-image-638\" srcset=\"http:\/\/www.grundschule-brander-feld.de\/wp-content\/uploads\/2019\/12\/K3.jpg 320w, http:\/\/www.grundschule-brander-feld.de\/wp-content\/uploads\/2019\/12\/K3-300x225.jpg 300w\" sizes=\"auto, (max-width: 320px) 100vw, 320px\" \/><\/figure><\/li><li class=\"blocks-gallery-item\"><figure><img loading=\"lazy\" decoding=\"async\" width=\"320\" height=\"240\" src=\"http:\/\/www.grundschule-brander-feld.de\/wp-content\/uploads\/2019\/12\/K4.jpg\" alt=\"\" data-id=\"639\" data-link=\"http:\/\/www.grundschule-brander-feld.de\/k4\/\" class=\"wp-image-639\" srcset=\"http:\/\/www.grundschule-brander-feld.de\/wp-content\/uploads\/2019\/12\/K4.jpg 320w, http:\/\/www.grundschule-brander-feld.de\/wp-content\/uploads\/2019\/12\/K4-300x225.jpg 300w\" sizes=\"auto, (max-width: 320px) 100vw, 320px\" \/><\/figure><\/li><\/ul>\n","protected":false},"excerpt":{"rendered":"<p>Auch in diesem Jahr hie\u00df es am Fettdonnerstag wieder:,,Brander Feld &#8211; ALAAAAAF!&#8220; und viele liebevoll kost\u00fcmierte kleine und gro\u00dfe Jecken trafen sich zur Einstimmmung bei einem Auftritt der 1.Gro\u00dfen Brander &hellip; <\/p>\n<p class=\"link-more\"><a href=\"http:\/\/www.grundschule-brander-feld.de\/index.php\/2019\/03\/05\/karneval-2019\/\" class=\"more-link\"><span class=\"screen-reader-text\">\u201eKarneval 2019\u201c<\/span> weiterlesen<\/a><\/p>\n","protected":false},"author":2,"featured_media":0,"comment_status":"closed","ping_status":"closed","sticky":false,"template":"","format":"standard","meta":{"_EventAllDay":false,"_EventTimezone":"","_EventStartDate":"","_EventEndDate":"","_EventStartDateUTC":"","_EventEndDateUTC":"","_EventShowMap":false,"_EventShowMapLink":false,"_EventURL":"","_EventCost":"","_EventCostDescription":"","_EventCurrencySymbol":"","_EventCurrencyCode":"","_EventCurrencyPosition":"","_EventDateTimeSeparator":"","_EventTimeRangeSeparator":"","_EventOrganizerID":[],"_EventVenueID":[],"_OrganizerEmail":"","_OrganizerPhone":"","_OrganizerWebsite":"","_VenueAddress":"","_VenueCity":"","_VenueCountry":"","_VenueProvince":"","_VenueState":"","_VenueZip":"","_VenuePhone":"","_VenueURL":"","_VenueStateProvince":"","_VenueLat":"","_VenueLng":"","_VenueShowMap":false,"_VenueShowMapLink":false,"footnotes":""},"categories":[9],"tags":[],"class_list":["post-632","post","type-post","status-publish","format-standard","hentry","category-2018-2019"],"_links":{"self":[{"href":"http:\/\/www.grundschule-brander-feld.de\/index.php\/wp-json\/wp\/v2\/posts\/632","targetHints":{"allow":["GET"]}}],"collection":[{"href":"http:\/\/www.grundschule-brander-feld.de\/index.php\/wp-json\/wp\/v2\/posts"}],"about":[{"href":"http:\/\/www.grundschule-brander-feld.de\/index.php\/wp-json\/wp\/v2\/types\/post"}],"author":[{"embeddable":true,"href":"http:\/\/www.grundschule-brander-feld.de\/index.php\/wp-json\/wp\/v2\/users\/2"}],"replies":[{"embeddable":true,"href":"http:\/\/www.grundschule-brander-feld.de\/index.php\/wp-json\/wp\/v2\/comments?post=632"}],"version-history":[{"count":3,"href":"http:\/\/www.grundschule-brander-feld.de\/index.php\/wp-json\/wp\/v2\/posts\/632\/revisions"}],"predecessor-version":[{"id":641,"href":"http:\/\/www.grundschule-brander-feld.de\/index.php\/wp-json\/wp\/v2\/posts\/632\/revisions\/641"}],"wp:attachment":[{"href":"http:\/\/www.grundschule-brander-feld.de\/index.php\/wp-json\/wp\/v2\/media?parent=632"}],"wp:term":[{"taxonomy":"category","embeddable":true,"href":"http:\/\/www.grundschule-brander-feld.de\/index.php\/wp-json\/wp\/v2\/categories?post=632"},{"taxonomy":"post_tag","embeddable":true,"href":"http:\/\/www.grundschule-brander-feld.de\/index.php\/wp-json\/wp\/v2\/tags?post=632"}],"curies":[{"name":"wp","href":"https:\/\/api.w.org\/{rel}","templated":true}]}}