{"id":623,"date":"2019-05-16T10:19:11","date_gmt":"2019-05-16T08:19:11","guid":{"rendered":"http:\/\/www.grundschule-brander-feld.de\/?p=623"},"modified":"2019-12-20T15:14:36","modified_gmt":"2019-12-20T14:14:36","slug":"ein-grosses-fest-der-begegnung","status":"publish","type":"post","link":"http:\/\/www.grundschule-brander-feld.de\/index.php\/2019\/05\/16\/ein-grosses-fest-der-begegnung\/","title":{"rendered":"Ein gro\u00dfes Fest der Begegnung"},"content":{"rendered":"\n<ul class=\"wp-block-gallery columns-2 is-cropped wp-block-gallery-1 is-layout-flex wp-block-gallery-is-layout-flex\"><li class=\"blocks-gallery-item\"><figure><img loading=\"lazy\" decoding=\"async\" width=\"640\" height=\"480\" src=\"http:\/\/www.grundschule-brander-feld.de\/wp-content\/uploads\/2019\/12\/IMG_Flohmarkt.jpg\" alt=\"\" data-id=\"628\" data-link=\"http:\/\/www.grundschule-brander-feld.de\/?attachment_id=628\" class=\"wp-image-628\" srcset=\"http:\/\/www.grundschule-brander-feld.de\/wp-content\/uploads\/2019\/12\/IMG_Flohmarkt.jpg 640w, http:\/\/www.grundschule-brander-feld.de\/wp-content\/uploads\/2019\/12\/IMG_Flohmarkt-300x225.jpg 300w\" sizes=\"auto, (max-width: 640px) 100vw, 640px\" \/><\/figure><\/li><li class=\"blocks-gallery-item\"><figure><img loading=\"lazy\" decoding=\"async\" width=\"800\" height=\"600\" src=\"http:\/\/www.grundschule-brander-feld.de\/wp-content\/uploads\/2019\/12\/oYSTxDQehuC-D5U4v4i5.jpg\" alt=\"\" data-id=\"625\" data-link=\"http:\/\/www.grundschule-brander-feld.de\/?attachment_id=625\" class=\"wp-image-625\" srcset=\"http:\/\/www.grundschule-brander-feld.de\/wp-content\/uploads\/2019\/12\/oYSTxDQehuC-D5U4v4i5.jpg 800w, http:\/\/www.grundschule-brander-feld.de\/wp-content\/uploads\/2019\/12\/oYSTxDQehuC-D5U4v4i5-300x225.jpg 300w, http:\/\/www.grundschule-brander-feld.de\/wp-content\/uploads\/2019\/12\/oYSTxDQehuC-D5U4v4i5-768x576.jpg 768w\" sizes=\"auto, (max-width: 767px) 89vw, (max-width: 1000px) 54vw, (max-width: 1071px) 543px, 580px\" \/><\/figure><\/li><\/ul>\n\n\n\n<p>Wer am Samstag,  16.05. zum gro\u00dfen Begegnungsfest am Brander Feld kam, konnte sich am fr\u00f6hlichen Miteinander dort wahrhaft erfreuen: Ob gro\u00df ob klein, ob jung ob alt, sowohl beim Flohmarkt als auch bei den zahlreichen Auff\u00fchrungen und Aktivit\u00e4ten im Zentrum des Vereins Jugend und Begegnung, kam man miteinander ins Gespr\u00e4ch, es wurde gelacht, getanzt und gesungen. <\/p>\n\n\n\n<ul class=\"wp-block-gallery columns-2 is-cropped wp-block-gallery-2 is-layout-flex wp-block-gallery-is-layout-flex\"><li class=\"blocks-gallery-item\"><figure><img loading=\"lazy\" decoding=\"async\" width=\"736\" height=\"510\" src=\"http:\/\/www.grundschule-brander-feld.de\/wp-content\/uploads\/2019\/12\/CHor.jpg\" alt=\"\" data-id=\"626\" data-link=\"http:\/\/www.grundschule-brander-feld.de\/?attachment_id=626\" class=\"wp-image-626\" srcset=\"http:\/\/www.grundschule-brander-feld.de\/wp-content\/uploads\/2019\/12\/CHor.jpg 736w, http:\/\/www.grundschule-brander-feld.de\/wp-content\/uploads\/2019\/12\/CHor-300x208.jpg 300w\" sizes=\"auto, (max-width: 736px) 100vw, 736px\" \/><\/figure><\/li><li class=\"blocks-gallery-item\"><figure><img loading=\"lazy\" decoding=\"async\" width=\"640\" height=\"480\" src=\"http:\/\/www.grundschule-brander-feld.de\/wp-content\/uploads\/2019\/12\/IMG_Zumba.jpg\" alt=\"\" data-id=\"627\" data-link=\"http:\/\/www.grundschule-brander-feld.de\/?attachment_id=627\" class=\"wp-image-627\" srcset=\"http:\/\/www.grundschule-brander-feld.de\/wp-content\/uploads\/2019\/12\/IMG_Zumba.jpg 640w, http:\/\/www.grundschule-brander-feld.de\/wp-content\/uploads\/2019\/12\/IMG_Zumba-300x225.jpg 300w\" sizes=\"auto, (max-width: 640px) 100vw, 640px\" \/><\/figure><\/li><\/ul>\n\n\n\n<p> Neben dem erst vor wenigen Monaten gegr\u00fcndete Feierabend-Chor, der die Zuh\u00f6rer*innen mit mehrstimmigen Liedern in seinen Bann zog, gab es tolle Zumba-T\u00e4nze der OGS-Kinder und grandiose Tanzauff\u00fchrungen der Dance-Evolution. Bis in die Abendstunden, als die Rolling-Stones-Tribute-Band Charlie die B\u00fchne rockte, fanden so viele Momente der Begegnung, des gemeinsamen Feierns und des Zusammenseins statt. Da konnte zum Schluss auch das ber\u00fchmte Aachener Wetter die Freude nicht d\u00e4mpfen. <\/p>\n\n\n\n<figure class=\"wp-block-image\"><img loading=\"lazy\" decoding=\"async\" width=\"640\" height=\"480\" src=\"http:\/\/www.grundschule-brander-feld.de\/wp-content\/uploads\/2019\/12\/OGS_.jpg\" alt=\"\" class=\"wp-image-629\" srcset=\"http:\/\/www.grundschule-brander-feld.de\/wp-content\/uploads\/2019\/12\/OGS_.jpg 640w, http:\/\/www.grundschule-brander-feld.de\/wp-content\/uploads\/2019\/12\/OGS_-300x225.jpg 300w\" sizes=\"auto, (max-width: 640px) 100vw, 640px\" \/><\/figure>\n\n\n\n<p>\n\nBei so viel Engagement sagen wir allen Beteiligten&nbsp;<strong>Danke!<\/strong>&nbsp;Es war ein wunderbarer Tag der Begegnung am Brander Feld!\n\n<\/p>\n","protected":false},"excerpt":{"rendered":"<p>Wer am Samstag, 16.05. zum gro\u00dfen Begegnungsfest am Brander Feld kam, konnte sich am fr\u00f6hlichen Miteinander dort wahrhaft erfreuen: Ob gro\u00df ob klein, ob jung ob alt, sowohl beim Flohmarkt &hellip; <\/p>\n<p class=\"link-more\"><a href=\"http:\/\/www.grundschule-brander-feld.de\/index.php\/2019\/05\/16\/ein-grosses-fest-der-begegnung\/\" class=\"more-link\"><span class=\"screen-reader-text\">\u201eEin gro\u00dfes Fest der Begegnung\u201c<\/span> weiterlesen<\/a><\/p>\n","protected":false},"author":2,"featured_media":0,"comment_status":"closed","ping_status":"closed","sticky":false,"template":"","format":"standard","meta":{"_EventAllDay":false,"_EventTimezone":"","_EventStartDate":"","_EventEndDate":"","_EventStartDateUTC":"","_EventEndDateUTC":"","_EventShowMap":false,"_EventShowMapLink":false,"_EventURL":"","_EventCost":"","_EventCostDescription":"","_EventCurrencySymbol":"","_EventCurrencyCode":"","_EventCurrencyPosition":"","_EventDateTimeSeparator":"","_EventTimeRangeSeparator":"","_EventOrganizerID":[],"_EventVenueID":[],"_OrganizerEmail":"","_OrganizerPhone":"","_OrganizerWebsite":"","_VenueAddress":"","_VenueCity":"","_VenueCountry":"","_VenueProvince":"","_VenueState":"","_VenueZip":"","_VenuePhone":"","_VenueURL":"","_VenueStateProvince":"","_VenueLat":"","_VenueLng":"","_VenueShowMap":false,"_VenueShowMapLink":false,"footnotes":""},"categories":[9],"tags":[],"class_list":["post-623","post","type-post","status-publish","format-standard","hentry","category-2018-2019"],"_links":{"self":[{"href":"http:\/\/www.grundschule-brander-feld.de\/index.php\/wp-json\/wp\/v2\/posts\/623","targetHints":{"allow":["GET"]}}],"collection":[{"href":"http:\/\/www.grundschule-brander-feld.de\/index.php\/wp-json\/wp\/v2\/posts"}],"about":[{"href":"http:\/\/www.grundschule-brander-feld.de\/index.php\/wp-json\/wp\/v2\/types\/post"}],"author":[{"embeddable":true,"href":"http:\/\/www.grundschule-brander-feld.de\/index.php\/wp-json\/wp\/v2\/users\/2"}],"replies":[{"embeddable":true,"href":"http:\/\/www.grundschule-brander-feld.de\/index.php\/wp-json\/wp\/v2\/comments?post=623"}],"version-history":[{"count":2,"href":"http:\/\/www.grundschule-brander-feld.de\/index.php\/wp-json\/wp\/v2\/posts\/623\/revisions"}],"predecessor-version":[{"id":631,"href":"http:\/\/www.grundschule-brander-feld.de\/index.php\/wp-json\/wp\/v2\/posts\/623\/revisions\/631"}],"wp:attachment":[{"href":"http:\/\/www.grundschule-brander-feld.de\/index.php\/wp-json\/wp\/v2\/media?parent=623"}],"wp:term":[{"taxonomy":"category","embeddable":true,"href":"http:\/\/www.grundschule-brander-feld.de\/index.php\/wp-json\/wp\/v2\/categories?post=623"},{"taxonomy":"post_tag","embeddable":true,"href":"http:\/\/www.grundschule-brander-feld.de\/index.php\/wp-json\/wp\/v2\/tags?post=623"}],"curies":[{"name":"wp","href":"https:\/\/api.w.org\/{rel}","templated":true}]}}