{"id":36504,"date":"2025-05-15T21:57:26","date_gmt":"2025-05-15T19:57:26","guid":{"rendered":"https:\/\/www.grundschule-brander-feld.de\/?p=36504"},"modified":"2025-05-15T21:59:53","modified_gmt":"2025-05-15T19:59:53","slug":"25-jahre-ggs-brander-feld","status":"publish","type":"post","link":"http:\/\/www.grundschule-brander-feld.de\/index.php\/2025\/05\/15\/25-jahre-ggs-brander-feld\/","title":{"rendered":"25 Jahre GGS Brander Feld"},"content":{"rendered":"\n<p>Am <strong>09. Mai 2025<\/strong> feierte die GGS Brander Feld ihr <strong>25-j\u00e4hriges Bestehen<\/strong> \u2013 ein besonderer Tag, der von Lebensfreude, Gemeinschaft und einem abwechslungsreichen Programm gepr\u00e4gt war.<\/p>\n\n\n\n<p>Bereits in der Woche zuvor erlebten die Sch\u00fclerinnen und Sch\u00fcler eine <strong>intensive Tanzprojektwoche<\/strong>, in der jede Klasse eigene Choreografien ein\u00fcbte. Mit viel Begeisterung und Bewegung f\u00fcllten sie die Schule mit Energie und Vorfreude auf den gro\u00dfen Tag.<\/p>\n\n\n\n<p>Am Jubil\u00e4umstag war die <strong>gesamte Schule voller Leben<\/strong>: Die einge\u00fcbten T\u00e4nze wurden mit Stolz und Freude vor zahlreichen Zuschauerinnen und Zuschauern aufgef\u00fchrt. Die Kinder pr\u00e4sentierten ihr K\u00f6nnen auf beeindruckende Weise und zeigten, wie viel Kreativit\u00e4t und Teamgeist in ihnen steckt.<\/p>\n\n\n\n<p>Ein musikalisches Highlight waren zwei eigens f\u00fcr das Jubil\u00e4um geschriebene Lieder. Diese wurden gemeinsam mit allen Kindern einstudiert und mit gro\u00dfer Hingabe gesungen. Die Lieder spiegelten auf besondere Weise die <strong>tiefe Verbundenheit der Schulgemeinschaft mit dem Stadtteil Brand und der GGS Brander Feld<\/strong> wider \u2013 ein emotionaler Moment, der viele bewegte.<\/p>\n\n\n\n<p>Zahlreiche G\u00e4ste aus der <strong>Brander Gemeinde<\/strong>, viele <strong>Eltern, Kinder und Freunde der Schule<\/strong> waren gekommen, um diesen besonderen Tag gemeinsam zu feiern. Es war ein gelungenes Fest, das die enge Gemeinschaft und das lebendige Miteinander an der GGS Brander Feld sichtbar gemacht hat.<\/p>\n\n\n\n<p>Ein herzliches Dankesch\u00f6n an alle, die diesen Tag m\u00f6glich gemacht und mit uns gefeiert haben \u2013 <strong>auf die n\u00e4chsten 25 Jahre!<\/strong><\/p>\n\n\n\n<figure class=\"wp-block-gallery has-nested-images columns-default is-cropped wp-block-gallery-1 is-layout-flex wp-block-gallery-is-layout-flex\">\n<figure class=\"wp-block-image size-large\"><img loading=\"lazy\" decoding=\"async\" width=\"1024\" height=\"918\" data-id=\"36505\" src=\"https:\/\/www.grundschule-brander-feld.de\/wp-content\/uploads\/2025\/05\/WhatsApp-Image-2025-05-09-at-17.39.48-1024x918.jpeg\" alt=\"\" class=\"wp-image-36505\" srcset=\"http:\/\/www.grundschule-brander-feld.de\/wp-content\/uploads\/2025\/05\/WhatsApp-Image-2025-05-09-at-17.39.48-1024x918.jpeg 1024w, http:\/\/www.grundschule-brander-feld.de\/wp-content\/uploads\/2025\/05\/WhatsApp-Image-2025-05-09-at-17.39.48-300x269.jpeg 300w, http:\/\/www.grundschule-brander-feld.de\/wp-content\/uploads\/2025\/05\/WhatsApp-Image-2025-05-09-at-17.39.48-768x689.jpeg 768w, http:\/\/www.grundschule-brander-feld.de\/wp-content\/uploads\/2025\/05\/WhatsApp-Image-2025-05-09-at-17.39.48-1536x1378.jpeg 1536w, http:\/\/www.grundschule-brander-feld.de\/wp-content\/uploads\/2025\/05\/WhatsApp-Image-2025-05-09-at-17.39.48.jpeg 1600w\" sizes=\"auto, (max-width: 767px) 89vw, (max-width: 1000px) 54vw, (max-width: 1071px) 543px, 580px\" \/><\/figure>\n\n\n\n<figure class=\"wp-block-image size-large\"><img loading=\"lazy\" decoding=\"async\" width=\"1024\" height=\"576\" data-id=\"36506\" src=\"https:\/\/www.grundschule-brander-feld.de\/wp-content\/uploads\/2025\/05\/WhatsApp-Image-2025-05-12-at-14.53.08-1024x576.jpeg\" alt=\"\" class=\"wp-image-36506\" srcset=\"http:\/\/www.grundschule-brander-feld.de\/wp-content\/uploads\/2025\/05\/WhatsApp-Image-2025-05-12-at-14.53.08-1024x576.jpeg 1024w, http:\/\/www.grundschule-brander-feld.de\/wp-content\/uploads\/2025\/05\/WhatsApp-Image-2025-05-12-at-14.53.08-300x169.jpeg 300w, http:\/\/www.grundschule-brander-feld.de\/wp-content\/uploads\/2025\/05\/WhatsApp-Image-2025-05-12-at-14.53.08-768x432.jpeg 768w, http:\/\/www.grundschule-brander-feld.de\/wp-content\/uploads\/2025\/05\/WhatsApp-Image-2025-05-12-at-14.53.08-1536x864.jpeg 1536w, http:\/\/www.grundschule-brander-feld.de\/wp-content\/uploads\/2025\/05\/WhatsApp-Image-2025-05-12-at-14.53.08.jpeg 2000w\" sizes=\"auto, (max-width: 767px) 89vw, (max-width: 1000px) 54vw, (max-width: 1071px) 543px, 580px\" \/><\/figure>\n<\/figure>\n\n\n\n<figure class=\"wp-block-image size-large\"><img loading=\"lazy\" decoding=\"async\" width=\"1024\" height=\"576\" src=\"https:\/\/www.grundschule-brander-feld.de\/wp-content\/uploads\/2025\/05\/WhatsApp-Image-2025-05-12-at-14.53.09-1024x576.jpeg\" alt=\"\" class=\"wp-image-36507\" srcset=\"http:\/\/www.grundschule-brander-feld.de\/wp-content\/uploads\/2025\/05\/WhatsApp-Image-2025-05-12-at-14.53.09-1024x576.jpeg 1024w, http:\/\/www.grundschule-brander-feld.de\/wp-content\/uploads\/2025\/05\/WhatsApp-Image-2025-05-12-at-14.53.09-300x169.jpeg 300w, http:\/\/www.grundschule-brander-feld.de\/wp-content\/uploads\/2025\/05\/WhatsApp-Image-2025-05-12-at-14.53.09-768x432.jpeg 768w, http:\/\/www.grundschule-brander-feld.de\/wp-content\/uploads\/2025\/05\/WhatsApp-Image-2025-05-12-at-14.53.09-1536x864.jpeg 1536w, http:\/\/www.grundschule-brander-feld.de\/wp-content\/uploads\/2025\/05\/WhatsApp-Image-2025-05-12-at-14.53.09.jpeg 2000w\" sizes=\"auto, (max-width: 767px) 89vw, (max-width: 1000px) 54vw, (max-width: 1071px) 543px, 580px\" \/><\/figure>\n","protected":false},"excerpt":{"rendered":"<p>Am 09. Mai 2025 feierte die GGS Brander Feld ihr 25-j\u00e4hriges Bestehen \u2013 ein besonderer Tag, der von Lebensfreude, Gemeinschaft und einem abwechslungsreichen Programm gepr\u00e4gt war. Bereits in der Woche &hellip; <\/p>\n<p class=\"link-more\"><a href=\"http:\/\/www.grundschule-brander-feld.de\/index.php\/2025\/05\/15\/25-jahre-ggs-brander-feld\/\" class=\"more-link\"><span class=\"screen-reader-text\">\u201e25 Jahre GGS Brander Feld\u201c<\/span> weiterlesen<\/a><\/p>\n","protected":false},"author":6,"featured_media":0,"comment_status":"closed","ping_status":"closed","sticky":false,"template":"","format":"standard","meta":{"_EventAllDay":false,"_EventTimezone":"","_EventStartDate":"","_EventEndDate":"","_EventStartDateUTC":"","_EventEndDateUTC":"","_EventShowMap":false,"_EventShowMapLink":false,"_EventURL":"","_EventCost":"","_EventCostDescription":"","_EventCurrencySymbol":"","_EventCurrencyCode":"","_EventCurrencyPosition":"","_EventDateTimeSeparator":"","_EventTimeRangeSeparator":"","_EventOrganizerID":[],"_EventVenueID":[],"_OrganizerEmail":"","_OrganizerPhone":"","_OrganizerWebsite":"","_VenueAddress":"","_VenueCity":"","_VenueCountry":"","_VenueProvince":"","_VenueState":"","_VenueZip":"","_VenuePhone":"","_VenueURL":"","_VenueStateProvince":"","_VenueLat":"","_VenueLng":"","_VenueShowMap":false,"_VenueShowMapLink":false,"footnotes":""},"categories":[1],"tags":[],"class_list":["post-36504","post","type-post","status-publish","format-standard","hentry","category-uncategorized"],"_links":{"self":[{"href":"http:\/\/www.grundschule-brander-feld.de\/index.php\/wp-json\/wp\/v2\/posts\/36504","targetHints":{"allow":["GET"]}}],"collection":[{"href":"http:\/\/www.grundschule-brander-feld.de\/index.php\/wp-json\/wp\/v2\/posts"}],"about":[{"href":"http:\/\/www.grundschule-brander-feld.de\/index.php\/wp-json\/wp\/v2\/types\/post"}],"author":[{"embeddable":true,"href":"http:\/\/www.grundschule-brander-feld.de\/index.php\/wp-json\/wp\/v2\/users\/6"}],"replies":[{"embeddable":true,"href":"http:\/\/www.grundschule-brander-feld.de\/index.php\/wp-json\/wp\/v2\/comments?post=36504"}],"version-history":[{"count":2,"href":"http:\/\/www.grundschule-brander-feld.de\/index.php\/wp-json\/wp\/v2\/posts\/36504\/revisions"}],"predecessor-version":[{"id":36510,"href":"http:\/\/www.grundschule-brander-feld.de\/index.php\/wp-json\/wp\/v2\/posts\/36504\/revisions\/36510"}],"wp:attachment":[{"href":"http:\/\/www.grundschule-brander-feld.de\/index.php\/wp-json\/wp\/v2\/media?parent=36504"}],"wp:term":[{"taxonomy":"category","embeddable":true,"href":"http:\/\/www.grundschule-brander-feld.de\/index.php\/wp-json\/wp\/v2\/categories?post=36504"},{"taxonomy":"post_tag","embeddable":true,"href":"http:\/\/www.grundschule-brander-feld.de\/index.php\/wp-json\/wp\/v2\/tags?post=36504"}],"curies":[{"name":"wp","href":"https:\/\/api.w.org\/{rel}","templated":true}]}}